{"id":18932,"date":"2024-03-04T18:25:40","date_gmt":"2024-03-04T17:25:40","guid":{"rendered":"https:\/\/sp2aug.pl\/?p=18932"},"modified":"2024-03-04T18:27:28","modified_gmt":"2024-03-04T17:27:28","slug":"sukces-recytatorow","status":"publish","type":"post","link":"https:\/\/sp2aug.pl\/index.php\/2024\/03\/04\/sukces-recytatorow\/","title":{"rendered":"Sukces recytator\u00f3w"},"content":{"rendered":"\t\t<div data-elementor-type=\"wp-post\" data-elementor-id=\"18932\" class=\"elementor elementor-18932\">\n\t\t\t\t\t\t<section class=\"elementor-section elementor-top-section elementor-element elementor-element-bcc3d08 elementor-section-boxed elementor-section-height-default elementor-section-height-default\" data-id=\"bcc3d08\" data-element_type=\"section\">\n\t\t\t\t\t\t<div class=\"elementor-container elementor-column-gap-default\">\n\t\t\t\t\t<div class=\"elementor-column elementor-col-50 elementor-top-column elementor-element elementor-element-0ecadd7\" data-id=\"0ecadd7\" data-element_type=\"column\">\n\t\t\t<div class=\"elementor-widget-wrap elementor-element-populated\">\n\t\t\t\t\t\t<div class=\"elementor-element elementor-element-749992e elementor-widget elementor-widget-image\" data-id=\"749992e\" data-element_type=\"widget\" data-widget_type=\"image.default\">\n\t\t\t\t<div class=\"elementor-widget-container\">\n\t\t\t\t\t\t\t\t\t\t\t\t\t\t\t\t<a href=\"https:\/\/sp2aug.pl\/wp-content\/uploads\/2024\/03\/recytacja-scaled.jpg\" data-elementor-open-lightbox=\"yes\" data-elementor-lightbox-title=\"recytacja\" data-e-action-hash=\"#elementor-action%3Aaction%3Dlightbox%26settings%3DeyJpZCI6MTg5MzMsInVybCI6Imh0dHBzOlwvXC9zcDJhdWcucGxcL3dwLWNvbnRlbnRcL3VwbG9hZHNcLzIwMjRcLzAzXC9yZWN5dGFjamEtc2NhbGVkLmpwZyJ9\">\n\t\t\t\t\t\t\t<img fetchpriority=\"high\" decoding=\"async\" width=\"923\" height=\"692\" src=\"https:\/\/sp2aug.pl\/wp-content\/uploads\/2024\/03\/recytacja-1024x768.jpg\" class=\"attachment-large size-large wp-image-18933\" alt=\"\" srcset=\"https:\/\/sp2aug.pl\/wp-content\/uploads\/2024\/03\/recytacja-1024x768.jpg 1024w, https:\/\/sp2aug.pl\/wp-content\/uploads\/2024\/03\/recytacja-300x225.jpg 300w, https:\/\/sp2aug.pl\/wp-content\/uploads\/2024\/03\/recytacja-768x576.jpg 768w, https:\/\/sp2aug.pl\/wp-content\/uploads\/2024\/03\/recytacja-1536x1152.jpg 1536w, https:\/\/sp2aug.pl\/wp-content\/uploads\/2024\/03\/recytacja-2048x1536.jpg 2048w, https:\/\/sp2aug.pl\/wp-content\/uploads\/2024\/03\/recytacja-160x120.jpg 160w\" sizes=\"(max-width: 923px) 100vw, 923px\" \/>\t\t\t\t\t\t\t\t<\/a>\n\t\t\t\t\t\t\t\t\t\t\t\t\t\t\t<\/div>\n\t\t\t\t<\/div>\n\t\t\t\t\t<\/div>\n\t\t<\/div>\n\t\t\t\t<div class=\"elementor-column elementor-col-50 elementor-top-column elementor-element elementor-element-07de8e1\" data-id=\"07de8e1\" data-element_type=\"column\">\n\t\t\t<div class=\"elementor-widget-wrap elementor-element-populated\">\n\t\t\t\t\t\t<div class=\"elementor-element elementor-element-7b06981 elementor-widget elementor-widget-text-editor\" data-id=\"7b06981\" data-element_type=\"widget\" data-widget_type=\"text-editor.default\">\n\t\t\t\t<div class=\"elementor-widget-container\">\n\t\t\t\t\t\t\t\t\t<p>4 marca w Miejskiej Bibliotece Publicznej w Augustowie odby\u0142 si\u0119 miejski etap konkursu \u201eWierszyki \u0142ami\u0105ce j\u0119zyki\u201d. Nasz\u0105 szko\u0142\u0119 reprezentowali: Piotr Sadowski kl. 4a, Antoni Bielawski kl. 4c, Hanna Samocik kl. 5d, Maja Siedlecka kl. 6a, Julia Haponik kl. 6b.<br \/>Nasi uczniowie dzielnie stawili czo\u0142o trudnym wyrazom i \u201e\u0142amali\u201d swoje j\u0119zyki z bardzo dobrym<br \/>skutkiem: Antek jako pierwszy rozpoczyna\u0142 recytatorskie zmagania, Julia i Piotrek ex aequo zdobyli II miejsce, a Maja i Hania wyr\u00f3\u017cnienia.<br \/>Wszystkim serdecznie gratulujemy i \u017cyczymy dalszych sukces\u00f3w.<\/p>\t\t\t\t\t\t\t\t<\/div>\n\t\t\t\t<\/div>\n\t\t\t\t\t<\/div>\n\t\t<\/div>\n\t\t\t\t\t<\/div>\n\t\t<\/section>\n\t\t\t\t<\/div>\n\t\t","protected":false},"excerpt":{"rendered":"<p>4 marca w Miejskiej Bibliotece Publicznej w Augustowie odby\u0142 si\u0119 miejski etap konkursu \u201eWierszyki \u0142ami\u0105ce j\u0119zyki\u201d. Nasz\u0105 szko\u0142\u0119 reprezentowali: Piotr Sadowski kl. 4a, Antoni Bielawski kl. 4c, Hanna Samocik kl. 5d, Maja Siedlecka kl. 6a, Julia Haponik kl. 6b.Nasi uczniowie dzielnie stawili czo\u0142o trudnym wyrazom i \u201e\u0142amali\u201d swoje j\u0119zyki z bardzo dobrymskutkiem: Antek jako pierwszy&hellip;<\/p>\n","protected":false},"author":1,"featured_media":0,"comment_status":"closed","ping_status":"closed","sticky":false,"template":"","format":"standard","meta":{"footnotes":""},"categories":[4],"tags":[],"class_list":["post-18932","post","type-post","status-publish","format-standard","hentry","category-archiwalne"],"_links":{"self":[{"href":"https:\/\/sp2aug.pl\/index.php\/wp-json\/wp\/v2\/posts\/18932","targetHints":{"allow":["GET"]}}],"collection":[{"href":"https:\/\/sp2aug.pl\/index.php\/wp-json\/wp\/v2\/posts"}],"about":[{"href":"https:\/\/sp2aug.pl\/index.php\/wp-json\/wp\/v2\/types\/post"}],"author":[{"embeddable":true,"href":"https:\/\/sp2aug.pl\/index.php\/wp-json\/wp\/v2\/users\/1"}],"replies":[{"embeddable":true,"href":"https:\/\/sp2aug.pl\/index.php\/wp-json\/wp\/v2\/comments?post=18932"}],"version-history":[{"count":3,"href":"https:\/\/sp2aug.pl\/index.php\/wp-json\/wp\/v2\/posts\/18932\/revisions"}],"predecessor-version":[{"id":18936,"href":"https:\/\/sp2aug.pl\/index.php\/wp-json\/wp\/v2\/posts\/18932\/revisions\/18936"}],"wp:attachment":[{"href":"https:\/\/sp2aug.pl\/index.php\/wp-json\/wp\/v2\/media?parent=18932"}],"wp:term":[{"taxonomy":"category","embeddable":true,"href":"https:\/\/sp2aug.pl\/index.php\/wp-json\/wp\/v2\/categories?post=18932"},{"taxonomy":"post_tag","embeddable":true,"href":"https:\/\/sp2aug.pl\/index.php\/wp-json\/wp\/v2\/tags?post=18932"}],"curies":[{"name":"wp","href":"https:\/\/api.w.org\/{rel}","templated":true}]}}