{"id":18314,"date":"2024-01-16T08:27:07","date_gmt":"2024-01-16T07:27:07","guid":{"rendered":"https:\/\/sp2aug.pl\/?p=18314"},"modified":"2024-01-16T08:28:35","modified_gmt":"2024-01-16T07:28:35","slug":"xix-olimpiada-matematyczna-juniorow","status":"publish","type":"post","link":"https:\/\/sp2aug.pl\/index.php\/2024\/01\/16\/xix-olimpiada-matematyczna-juniorow\/","title":{"rendered":"XIX Olimpiada Matematyczna Junior\u00f3w"},"content":{"rendered":"\t\t<div data-elementor-type=\"wp-post\" data-elementor-id=\"18314\" class=\"elementor elementor-18314\">\n\t\t\t\t\t\t<section class=\"elementor-section elementor-top-section elementor-element elementor-element-abe3acf elementor-section-boxed elementor-section-height-default elementor-section-height-default\" data-id=\"abe3acf\" data-element_type=\"section\">\n\t\t\t\t\t\t<div class=\"elementor-container elementor-column-gap-default\">\n\t\t\t\t\t<div class=\"elementor-column elementor-col-50 elementor-top-column elementor-element elementor-element-4b61176\" data-id=\"4b61176\" data-element_type=\"column\">\n\t\t\t<div class=\"elementor-widget-wrap elementor-element-populated\">\n\t\t\t\t\t\t<div class=\"elementor-element elementor-element-103cfb5 elementor-widget elementor-widget-image\" data-id=\"103cfb5\" data-element_type=\"widget\" data-widget_type=\"image.default\">\n\t\t\t\t<div class=\"elementor-widget-container\">\n\t\t\t\t\t\t\t\t\t\t\t\t\t\t\t\t<a href=\"https:\/\/sp2aug.pl\/wp-content\/uploads\/2024\/01\/om.png\" data-elementor-open-lightbox=\"yes\" data-elementor-lightbox-title=\"om\" data-e-action-hash=\"#elementor-action%3Aaction%3Dlightbox%26settings%3DeyJpZCI6MTgzMTYsInVybCI6Imh0dHBzOlwvXC9zcDJhdWcucGxcL3dwLWNvbnRlbnRcL3VwbG9hZHNcLzIwMjRcLzAxXC9vbS5wbmcifQ%3D%3D\">\n\t\t\t\t\t\t\t<img fetchpriority=\"high\" decoding=\"async\" width=\"640\" height=\"640\" src=\"https:\/\/sp2aug.pl\/wp-content\/uploads\/2024\/01\/om.png\" class=\"attachment-medium_large size-medium_large wp-image-18316\" alt=\"\" srcset=\"https:\/\/sp2aug.pl\/wp-content\/uploads\/2024\/01\/om.png 640w, https:\/\/sp2aug.pl\/wp-content\/uploads\/2024\/01\/om-300x300.png 300w, https:\/\/sp2aug.pl\/wp-content\/uploads\/2024\/01\/om-150x150.png 150w\" sizes=\"(max-width: 640px) 100vw, 640px\" \/>\t\t\t\t\t\t\t\t<\/a>\n\t\t\t\t\t\t\t\t\t\t\t\t\t\t\t<\/div>\n\t\t\t\t<\/div>\n\t\t\t\t\t<\/div>\n\t\t<\/div>\n\t\t\t\t<div class=\"elementor-column elementor-col-50 elementor-top-column elementor-element elementor-element-1c3e99b\" data-id=\"1c3e99b\" data-element_type=\"column\">\n\t\t\t<div class=\"elementor-widget-wrap elementor-element-populated\">\n\t\t\t\t\t\t<div class=\"elementor-element elementor-element-6cfec68 elementor-widget elementor-widget-text-editor\" data-id=\"6cfec68\" data-element_type=\"widget\" data-widget_type=\"text-editor.default\">\n\t\t\t\t<div class=\"elementor-widget-container\">\n\t\t\t\t\t\t\t\t\t<p>Niekt\u00f3rzy uwa\u017caj\u0105, \u017ce 13 to pechowa liczba. Dla Yewy<br \/>Karonczyk z klasy 7c trzynasty stycznia 2024 r. to szczeg\u00f3lny<br \/>dzie\u0144. Tego dnia w ramach XIX Olimpiady Matematycznej<br \/>Junior\u00f3w bra\u0142a udzia\u0142 w zawodach II stopnia, kt\u00f3re odby\u0142y si\u0119<br \/>na Politechnice Bia\u0142ostockiej na Wydziale Informatyki.<br \/>Yewa znalaz\u0142a si\u0119 w gronie 22 uczni\u00f3w z wojew\u00f3dztwa<br \/>podlaskiego i wojew\u00f3dztwa warmi\u0144sko \u2013 mazurskiego, kt\u00f3rzy<br \/>zakwalifikowali si\u0119 do udzia\u0142u w II stopniu tej olimpiady.<br \/>Nasza szko\u0142a w tym roku po raz pierwszy zg\u0142osi\u0142a uczni\u00f3w<br \/>do udzia\u0142u w Olimpiadzie Matematycznej Junior\u00f3w, wi\u0119c tym<br \/>bardziej cieszy nas sukces Yewy.<\/p>\t\t\t\t\t\t\t\t<\/div>\n\t\t\t\t<\/div>\n\t\t\t\t\t<\/div>\n\t\t<\/div>\n\t\t\t\t\t<\/div>\n\t\t<\/section>\n\t\t\t\t<\/div>\n\t\t","protected":false},"excerpt":{"rendered":"<p>Niekt\u00f3rzy uwa\u017caj\u0105, \u017ce 13 to pechowa liczba. Dla YewyKaronczyk z klasy 7c trzynasty stycznia 2024 r. to szczeg\u00f3lnydzie\u0144. Tego dnia w ramach XIX Olimpiady MatematycznejJunior\u00f3w bra\u0142a udzia\u0142 w zawodach II stopnia, kt\u00f3re odby\u0142y si\u0119na Politechnice Bia\u0142ostockiej na Wydziale Informatyki.Yewa znalaz\u0142a si\u0119 w gronie 22 uczni\u00f3w z wojew\u00f3dztwapodlaskiego i wojew\u00f3dztwa warmi\u0144sko \u2013 mazurskiego, kt\u00f3rzyzakwalifikowali si\u0119 do&hellip;<\/p>\n","protected":false},"author":1,"featured_media":0,"comment_status":"closed","ping_status":"closed","sticky":false,"template":"","format":"standard","meta":{"footnotes":""},"categories":[4],"tags":[],"class_list":["post-18314","post","type-post","status-publish","format-standard","hentry","category-archiwalne"],"_links":{"self":[{"href":"https:\/\/sp2aug.pl\/index.php\/wp-json\/wp\/v2\/posts\/18314","targetHints":{"allow":["GET"]}}],"collection":[{"href":"https:\/\/sp2aug.pl\/index.php\/wp-json\/wp\/v2\/posts"}],"about":[{"href":"https:\/\/sp2aug.pl\/index.php\/wp-json\/wp\/v2\/types\/post"}],"author":[{"embeddable":true,"href":"https:\/\/sp2aug.pl\/index.php\/wp-json\/wp\/v2\/users\/1"}],"replies":[{"embeddable":true,"href":"https:\/\/sp2aug.pl\/index.php\/wp-json\/wp\/v2\/comments?post=18314"}],"version-history":[{"count":3,"href":"https:\/\/sp2aug.pl\/index.php\/wp-json\/wp\/v2\/posts\/18314\/revisions"}],"predecessor-version":[{"id":18319,"href":"https:\/\/sp2aug.pl\/index.php\/wp-json\/wp\/v2\/posts\/18314\/revisions\/18319"}],"wp:attachment":[{"href":"https:\/\/sp2aug.pl\/index.php\/wp-json\/wp\/v2\/media?parent=18314"}],"wp:term":[{"taxonomy":"category","embeddable":true,"href":"https:\/\/sp2aug.pl\/index.php\/wp-json\/wp\/v2\/categories?post=18314"},{"taxonomy":"post_tag","embeddable":true,"href":"https:\/\/sp2aug.pl\/index.php\/wp-json\/wp\/v2\/tags?post=18314"}],"curies":[{"name":"wp","href":"https:\/\/api.w.org\/{rel}","templated":true}]}}