{"id":18176,"date":"2023-12-20T19:14:24","date_gmt":"2023-12-20T18:14:24","guid":{"rendered":"https:\/\/sp2aug.pl\/?p=18176"},"modified":"2023-12-20T19:15:51","modified_gmt":"2023-12-20T18:15:51","slug":"gwiazdkowe-harce-2","status":"publish","type":"post","link":"https:\/\/sp2aug.pl\/index.php\/2023\/12\/20\/gwiazdkowe-harce-2\/","title":{"rendered":"Gwiazdkowe Harce"},"content":{"rendered":"\t\t<div data-elementor-type=\"wp-post\" data-elementor-id=\"18176\" class=\"elementor elementor-18176\">\n\t\t\t\t\t\t<section class=\"elementor-section elementor-top-section elementor-element elementor-element-df73359 elementor-section-boxed elementor-section-height-default elementor-section-height-default\" data-id=\"df73359\" data-element_type=\"section\">\n\t\t\t\t\t\t<div class=\"elementor-container elementor-column-gap-default\">\n\t\t\t\t\t<div class=\"elementor-column elementor-col-100 elementor-top-column elementor-element elementor-element-29dd30b\" data-id=\"29dd30b\" data-element_type=\"column\">\n\t\t\t<div class=\"elementor-widget-wrap elementor-element-populated\">\n\t\t\t\t\t\t<div class=\"elementor-element elementor-element-f9d07ee elementor-widget elementor-widget-text-editor\" data-id=\"f9d07ee\" data-element_type=\"widget\" data-widget_type=\"text-editor.default\">\n\t\t\t\t<div class=\"elementor-widget-container\">\n\t\t\t\t\t\t\t\t\t<p>19 grudnia w Zespole Szk\u00f3\u0142 Spo\u0142ecznych STO w Augustowie odby\u0142 si\u0119 Mi\u0119dzyszkolny Konkurs Recytatorski ,,Gwiazdkowe Harce\u201d. Ka\u017cdy uczestnik konkursu recytowa\u0142 dwa&nbsp; wiersze, jeden o tematyce \u015bwi\u0105tecznej lub zimowej, drugi nawi\u0105zywa\u0142 do tegorocznego has\u0142a &#8222;Figle \u2013 migle z Wand\u0105 Chotomsk\u0105. Ogromny sukces odnie\u015bli nasi uczniowie wyr\u00f3\u017cniaj\u0105c si\u0119 talentem recytatorskim. Bartosz Nycz z klasy II b powt\u00f3rzy\u0142 sukces z ubieg\u0142ego roku i po raz drugi zaj\u0105\u0142 II miejsce. Trzecie miejsce przypad\u0142o Adamowi Toczy\u0142owskiemu z klasy III c, wyr\u00f3\u017cnienie otrzyma\u0142 Arkadiusz Nowak z klasy I b. W r\u00f3wnie emocjonuj\u0105cym konkursie plastycznym &#8222;Gwiazdkowe Harce&#8221; inspirowane wierszami Wandy Chotomskiej z cyklu \u201eTa\u0144ce polskie\u201d Aleksandra Czuper z klasy II b zdoby\u0142a I nagrod\u0119. Praca Oli nie tylko odzwierciedla\u0142a interpretacj\u0119 wiersza, ale tak\u017ce wyra\u017ca\u0142a kreatywno\u015b\u0107 artystki.<br>Gratulujemy nagrodzonym, jak i wychowawczyniom (p. B. Milewskiej, p. M. Szleszy\u0144skiej E. Nied\u017awieckiej, p. R. Chmielewskiej), kt\u00f3re przyczyni\u0142y si\u0119 do sukcesu swoich wychowank\u00f3w.<\/p>\t\t\t\t\t\t\t\t<\/div>\n\t\t\t\t<\/div>\n\t\t\t\t\t<\/div>\n\t\t<\/div>\n\t\t\t\t\t<\/div>\n\t\t<\/section>\n\t\t\t\t<section class=\"elementor-section elementor-top-section elementor-element elementor-element-e0cfd20 elementor-section-boxed elementor-section-height-default elementor-section-height-default\" data-id=\"e0cfd20\" data-element_type=\"section\">\n\t\t\t\t\t\t<div class=\"elementor-container elementor-column-gap-default\">\n\t\t\t\t\t<div class=\"elementor-column elementor-col-100 elementor-top-column elementor-element elementor-element-be5cde1\" data-id=\"be5cde1\" data-element_type=\"column\">\n\t\t\t<div class=\"elementor-widget-wrap elementor-element-populated\">\n\t\t\t\t\t\t<div class=\"elementor-element elementor-element-d7a6fa8 elementor-arrows-position-inside elementor-pagination-position-outside elementor-widget elementor-widget-image-carousel\" data-id=\"d7a6fa8\" data-element_type=\"widget\" data-settings=\"{&quot;navigation&quot;:&quot;both&quot;,&quot;autoplay&quot;:&quot;yes&quot;,&quot;pause_on_hover&quot;:&quot;yes&quot;,&quot;pause_on_interaction&quot;:&quot;yes&quot;,&quot;autoplay_speed&quot;:5000,&quot;infinite&quot;:&quot;yes&quot;,&quot;speed&quot;:500}\" data-widget_type=\"image-carousel.default\">\n\t\t\t\t<div class=\"elementor-widget-container\">\n\t\t\t\t\t\t\t<div class=\"elementor-image-carousel-wrapper swiper\" role=\"region\" aria-roledescription=\"carousel\" aria-label=\"Karuzela obrazk\u00f3w\" dir=\"ltr\">\n\t\t\t<div class=\"elementor-image-carousel swiper-wrapper\" aria-live=\"off\">\n\t\t\t\t\t\t\t\t<div class=\"swiper-slide\" role=\"group\" aria-roledescription=\"slide\" aria-label=\"1 z 4\"><a data-elementor-open-lightbox=\"yes\" data-elementor-lightbox-slideshow=\"d7a6fa8\" data-elementor-lightbox-title=\"1\" data-e-action-hash=\"#elementor-action%3Aaction%3Dlightbox%26settings%3DeyJpZCI6MTgxNzgsInVybCI6Imh0dHBzOlwvXC9zcDJhdWcucGxcL3dwLWNvbnRlbnRcL3VwbG9hZHNcLzIwMjNcLzEyXC8xLTE1LmpwZyIsInNsaWRlc2hvdyI6ImQ3YTZmYTgifQ%3D%3D\" href=\"https:\/\/sp2aug.pl\/wp-content\/uploads\/2023\/12\/1-15.jpg\"><figure class=\"swiper-slide-inner\"><img decoding=\"async\" class=\"swiper-slide-image\" src=\"https:\/\/sp2aug.pl\/wp-content\/uploads\/2023\/12\/1-15-150x150.jpg\" alt=\"1\" \/><\/figure><\/a><\/div><div class=\"swiper-slide\" role=\"group\" aria-roledescription=\"slide\" aria-label=\"2 z 4\"><a data-elementor-open-lightbox=\"yes\" data-elementor-lightbox-slideshow=\"d7a6fa8\" data-elementor-lightbox-title=\"2\" data-e-action-hash=\"#elementor-action%3Aaction%3Dlightbox%26settings%3DeyJpZCI6MTgxNzksInVybCI6Imh0dHBzOlwvXC9zcDJhdWcucGxcL3dwLWNvbnRlbnRcL3VwbG9hZHNcLzIwMjNcLzEyXC8yLTE0LmpwZyIsInNsaWRlc2hvdyI6ImQ3YTZmYTgifQ%3D%3D\" href=\"https:\/\/sp2aug.pl\/wp-content\/uploads\/2023\/12\/2-14.jpg\"><figure class=\"swiper-slide-inner\"><img decoding=\"async\" class=\"swiper-slide-image\" src=\"https:\/\/sp2aug.pl\/wp-content\/uploads\/2023\/12\/2-14-150x150.jpg\" alt=\"2\" \/><\/figure><\/a><\/div><div class=\"swiper-slide\" role=\"group\" aria-roledescription=\"slide\" aria-label=\"3 z 4\"><a data-elementor-open-lightbox=\"yes\" data-elementor-lightbox-slideshow=\"d7a6fa8\" data-elementor-lightbox-title=\"3\" data-e-action-hash=\"#elementor-action%3Aaction%3Dlightbox%26settings%3DeyJpZCI6MTgxODAsInVybCI6Imh0dHBzOlwvXC9zcDJhdWcucGxcL3dwLWNvbnRlbnRcL3VwbG9hZHNcLzIwMjNcLzEyXC8zLTE0LmpwZyIsInNsaWRlc2hvdyI6ImQ3YTZmYTgifQ%3D%3D\" href=\"https:\/\/sp2aug.pl\/wp-content\/uploads\/2023\/12\/3-14.jpg\"><figure class=\"swiper-slide-inner\"><img decoding=\"async\" class=\"swiper-slide-image\" src=\"https:\/\/sp2aug.pl\/wp-content\/uploads\/2023\/12\/3-14-150x150.jpg\" alt=\"3\" \/><\/figure><\/a><\/div><div class=\"swiper-slide\" role=\"group\" aria-roledescription=\"slide\" aria-label=\"4 z 4\"><a data-elementor-open-lightbox=\"yes\" data-elementor-lightbox-slideshow=\"d7a6fa8\" data-elementor-lightbox-title=\"4\" data-e-action-hash=\"#elementor-action%3Aaction%3Dlightbox%26settings%3DeyJpZCI6MTgxODEsInVybCI6Imh0dHBzOlwvXC9zcDJhdWcucGxcL3dwLWNvbnRlbnRcL3VwbG9hZHNcLzIwMjNcLzEyXC80LTEzLmpwZyIsInNsaWRlc2hvdyI6ImQ3YTZmYTgifQ%3D%3D\" href=\"https:\/\/sp2aug.pl\/wp-content\/uploads\/2023\/12\/4-13.jpg\"><figure class=\"swiper-slide-inner\"><img decoding=\"async\" class=\"swiper-slide-image\" src=\"https:\/\/sp2aug.pl\/wp-content\/uploads\/2023\/12\/4-13-150x150.jpg\" alt=\"4\" \/><\/figure><\/a><\/div>\t\t\t<\/div>\n\t\t\t\t\t\t\t\t\t\t\t\t<div class=\"elementor-swiper-button elementor-swiper-button-prev\" role=\"button\" tabindex=\"0\">\n\t\t\t\t\t\t<i aria-hidden=\"true\" class=\"eicon-chevron-left\"><\/i>\t\t\t\t\t<\/div>\n\t\t\t\t\t<div class=\"elementor-swiper-button elementor-swiper-button-next\" role=\"button\" tabindex=\"0\">\n\t\t\t\t\t\t<i aria-hidden=\"true\" class=\"eicon-chevron-right\"><\/i>\t\t\t\t\t<\/div>\n\t\t\t\t\n\t\t\t\t\t\t\t\t\t<div class=\"swiper-pagination\"><\/div>\n\t\t\t\t\t\t\t\t\t<\/div>\n\t\t\t\t\t\t<\/div>\n\t\t\t\t<\/div>\n\t\t\t\t\t<\/div>\n\t\t<\/div>\n\t\t\t\t\t<\/div>\n\t\t<\/section>\n\t\t\t\t<\/div>\n\t\t","protected":false},"excerpt":{"rendered":"<p>19 grudnia w Zespole Szk\u00f3\u0142 Spo\u0142ecznych STO w Augustowie odby\u0142 si\u0119 Mi\u0119dzyszkolny Konkurs Recytatorski ,,Gwiazdkowe Harce\u201d. Ka\u017cdy uczestnik konkursu recytowa\u0142 dwa&nbsp; wiersze, jeden o tematyce \u015bwi\u0105tecznej lub zimowej, drugi nawi\u0105zywa\u0142 do tegorocznego has\u0142a &#8222;Figle \u2013 migle z Wand\u0105 Chotomsk\u0105. Ogromny sukces odnie\u015bli nasi uczniowie wyr\u00f3\u017cniaj\u0105c si\u0119 talentem recytatorskim. Bartosz Nycz z klasy II b powt\u00f3rzy\u0142&hellip;<\/p>\n","protected":false},"author":1,"featured_media":0,"comment_status":"closed","ping_status":"closed","sticky":false,"template":"","format":"standard","meta":{"footnotes":""},"categories":[4],"tags":[],"class_list":["post-18176","post","type-post","status-publish","format-standard","hentry","category-archiwalne"],"_links":{"self":[{"href":"https:\/\/sp2aug.pl\/index.php\/wp-json\/wp\/v2\/posts\/18176","targetHints":{"allow":["GET"]}}],"collection":[{"href":"https:\/\/sp2aug.pl\/index.php\/wp-json\/wp\/v2\/posts"}],"about":[{"href":"https:\/\/sp2aug.pl\/index.php\/wp-json\/wp\/v2\/types\/post"}],"author":[{"embeddable":true,"href":"https:\/\/sp2aug.pl\/index.php\/wp-json\/wp\/v2\/users\/1"}],"replies":[{"embeddable":true,"href":"https:\/\/sp2aug.pl\/index.php\/wp-json\/wp\/v2\/comments?post=18176"}],"version-history":[{"count":3,"href":"https:\/\/sp2aug.pl\/index.php\/wp-json\/wp\/v2\/posts\/18176\/revisions"}],"predecessor-version":[{"id":18184,"href":"https:\/\/sp2aug.pl\/index.php\/wp-json\/wp\/v2\/posts\/18176\/revisions\/18184"}],"wp:attachment":[{"href":"https:\/\/sp2aug.pl\/index.php\/wp-json\/wp\/v2\/media?parent=18176"}],"wp:term":[{"taxonomy":"category","embeddable":true,"href":"https:\/\/sp2aug.pl\/index.php\/wp-json\/wp\/v2\/categories?post=18176"},{"taxonomy":"post_tag","embeddable":true,"href":"https:\/\/sp2aug.pl\/index.php\/wp-json\/wp\/v2\/tags?post=18176"}],"curies":[{"name":"wp","href":"https:\/\/api.w.org\/{rel}","templated":true}]}}