{"id":18165,"date":"2023-12-20T19:08:23","date_gmt":"2023-12-20T18:08:23","guid":{"rendered":"https:\/\/sp2aug.pl\/?p=18165"},"modified":"2023-12-20T19:10:27","modified_gmt":"2023-12-20T18:10:27","slug":"rozstrzygniecie-konkursu-2","status":"publish","type":"post","link":"https:\/\/sp2aug.pl\/index.php\/2023\/12\/20\/rozstrzygniecie-konkursu-2\/","title":{"rendered":"Rozstrzygni\u0119cie konkursu"},"content":{"rendered":"\t\t<div data-elementor-type=\"wp-post\" data-elementor-id=\"18165\" class=\"elementor elementor-18165\">\n\t\t\t\t\t\t<section class=\"elementor-section elementor-top-section elementor-element elementor-element-80cbd4e elementor-section-boxed elementor-section-height-default elementor-section-height-default\" data-id=\"80cbd4e\" data-element_type=\"section\">\n\t\t\t\t\t\t<div class=\"elementor-container elementor-column-gap-default\">\n\t\t\t\t\t<div class=\"elementor-column elementor-col-100 elementor-top-column elementor-element elementor-element-3ef53aa\" data-id=\"3ef53aa\" data-element_type=\"column\">\n\t\t\t<div class=\"elementor-widget-wrap elementor-element-populated\">\n\t\t\t\t\t\t<div class=\"elementor-element elementor-element-c67883f elementor-widget elementor-widget-text-editor\" data-id=\"c67883f\" data-element_type=\"widget\" data-widget_type=\"text-editor.default\">\n\t\t\t\t<div class=\"elementor-widget-container\">\n\t\t\t\t\t\t\t\t\t<div>Rozstrzygni\u0119cie konkursu dla klas I-III &#8222;Moja ulubiona posta\u0107 bajkowa &#8211; kukie\u0142ka&#8221;\u00a0<\/div><div>Jury konkursowe w sk\u0142adzie: Ewa Kury\u0142o, Teresa Paczkowska, Barbara Sztacha\u0144ska mia\u0142o nie lada wyzwanie, poniewa\u017c wszyscy uczestnicy podeszli do zadania bardzo ambitnie wykazuj\u0105c si\u0119 du\u017c\u0105 kreatywno\u015bci\u0105 i pomys\u0142owo\u015bci\u0105. Efekty pracy uczni\u00f3w mo\u017cna podziwia\u0107 na wystawie w bibliotece szkolnej.\u00a0<\/div><div>I miejsce Volodymyr Chopenko kl. I d<\/div><div>II miejsce Aleksandra Czuper kl. II b<\/div><div>III miejsce Oliwia Szymborska kl. III c<\/div><div>IV miejsce Julia Puchalska kl. I b<\/div><div>Zwyci\u0119zca otrzyma\u0142 rodzinn\u0105, zr\u0119czno\u015bciow\u0105 gr\u0119 planszow\u0105 Trefl Zig Zap. Pozostali uczestnicy otrzymali ciekawe\u00a0nagrody rzeczowe i dyplomy.\u00a0<\/div><div>Nagrody ufundowa\u0142a Rada Rodzic\u00f3w SP 2.\u00a0 \u00a0 \u00a0 \u00a0 \u00a0 \u00a0 \u00a0 \u00a0 \u00a0 \u00a0 \u00a0 \u00a0 \u00a0 \u00a0 \u00a0 \u00a0 \u00a0 \u00a0 \u00a0 \u00a0 \u00a0 Wszystkim uczestnikom serdecznie gratulujemy!\u00a0 \u00a0 \u00a0 \u00a0 \u00a0 \u00a0 \u00a0 \u00a0<\/div><div>\u00a0\u00a0 \u00a0 \u00a0 \u00a0 \u00a0 \u00a0 \u00a0 \u00a0 \u00a0 \u00a0 \u00a0 \u00a0 \u00a0 \u00a0 \u00a0 Nauczyciele bibliotekarze<\/div>\t\t\t\t\t\t\t\t<\/div>\n\t\t\t\t<\/div>\n\t\t\t\t\t<\/div>\n\t\t<\/div>\n\t\t\t\t\t<\/div>\n\t\t<\/section>\n\t\t\t\t<section class=\"elementor-section elementor-top-section elementor-element elementor-element-5e2aae1 elementor-section-boxed elementor-section-height-default elementor-section-height-default\" data-id=\"5e2aae1\" data-element_type=\"section\">\n\t\t\t\t\t\t<div class=\"elementor-container elementor-column-gap-default\">\n\t\t\t\t\t<div class=\"elementor-column elementor-col-50 elementor-top-column elementor-element elementor-element-96303b9\" data-id=\"96303b9\" data-element_type=\"column\">\n\t\t\t<div class=\"elementor-widget-wrap elementor-element-populated\">\n\t\t\t\t\t\t<div class=\"elementor-element elementor-element-8b9a251 elementor-widget elementor-widget-image\" data-id=\"8b9a251\" data-element_type=\"widget\" data-widget_type=\"image.default\">\n\t\t\t\t<div class=\"elementor-widget-container\">\n\t\t\t\t\t\t\t\t\t\t\t\t\t\t\t\t<a href=\"https:\/\/sp2aug.pl\/wp-content\/uploads\/2023\/12\/kukielka2.jpg\" data-elementor-open-lightbox=\"yes\" data-elementor-lightbox-title=\"kukielka2\" data-e-action-hash=\"#elementor-action%3Aaction%3Dlightbox%26settings%3DeyJpZCI6MTgxNjcsInVybCI6Imh0dHBzOlwvXC9zcDJhdWcucGxcL3dwLWNvbnRlbnRcL3VwbG9hZHNcLzIwMjNcLzEyXC9rdWtpZWxrYTIuanBnIn0%3D\">\n\t\t\t\t\t\t\t<img fetchpriority=\"high\" decoding=\"async\" width=\"366\" height=\"206\" src=\"https:\/\/sp2aug.pl\/wp-content\/uploads\/2023\/12\/kukielka2.jpg\" class=\"attachment-large size-large wp-image-18167\" alt=\"\" srcset=\"https:\/\/sp2aug.pl\/wp-content\/uploads\/2023\/12\/kukielka2.jpg 366w, https:\/\/sp2aug.pl\/wp-content\/uploads\/2023\/12\/kukielka2-300x169.jpg 300w\" sizes=\"(max-width: 366px) 100vw, 366px\" \/>\t\t\t\t\t\t\t\t<\/a>\n\t\t\t\t\t\t\t\t\t\t\t\t\t\t\t<\/div>\n\t\t\t\t<\/div>\n\t\t\t\t\t<\/div>\n\t\t<\/div>\n\t\t\t\t<div class=\"elementor-column elementor-col-50 elementor-top-column elementor-element elementor-element-f9526ba\" data-id=\"f9526ba\" data-element_type=\"column\">\n\t\t\t<div class=\"elementor-widget-wrap elementor-element-populated\">\n\t\t\t\t\t\t<div class=\"elementor-element elementor-element-c816691 elementor-widget elementor-widget-image\" data-id=\"c816691\" data-element_type=\"widget\" data-widget_type=\"image.default\">\n\t\t\t\t<div class=\"elementor-widget-container\">\n\t\t\t\t\t\t\t\t\t\t\t\t\t\t\t\t<a href=\"https:\/\/sp2aug.pl\/wp-content\/uploads\/2023\/12\/kukielki1.jpg\" data-elementor-open-lightbox=\"yes\" data-elementor-lightbox-title=\"kukielki1\" data-e-action-hash=\"#elementor-action%3Aaction%3Dlightbox%26settings%3DeyJpZCI6MTgxNjYsInVybCI6Imh0dHBzOlwvXC9zcDJhdWcucGxcL3dwLWNvbnRlbnRcL3VwbG9hZHNcLzIwMjNcLzEyXC9rdWtpZWxraTEuanBnIn0%3D\">\n\t\t\t\t\t\t\t<img decoding=\"async\" width=\"342\" height=\"206\" src=\"https:\/\/sp2aug.pl\/wp-content\/uploads\/2023\/12\/kukielki1.jpg\" class=\"attachment-large size-large wp-image-18166\" alt=\"\" srcset=\"https:\/\/sp2aug.pl\/wp-content\/uploads\/2023\/12\/kukielki1.jpg 342w, https:\/\/sp2aug.pl\/wp-content\/uploads\/2023\/12\/kukielki1-300x181.jpg 300w\" sizes=\"(max-width: 342px) 100vw, 342px\" \/>\t\t\t\t\t\t\t\t<\/a>\n\t\t\t\t\t\t\t\t\t\t\t\t\t\t\t<\/div>\n\t\t\t\t<\/div>\n\t\t\t\t\t<\/div>\n\t\t<\/div>\n\t\t\t\t\t<\/div>\n\t\t<\/section>\n\t\t\t\t<\/div>\n\t\t","protected":false},"excerpt":{"rendered":"<p>Rozstrzygni\u0119cie konkursu dla klas I-III &#8222;Moja ulubiona posta\u0107 bajkowa &#8211; kukie\u0142ka&#8221;\u00a0Jury konkursowe w sk\u0142adzie: Ewa Kury\u0142o, Teresa Paczkowska, Barbara Sztacha\u0144ska mia\u0142o nie lada wyzwanie, poniewa\u017c wszyscy uczestnicy podeszli do zadania bardzo ambitnie wykazuj\u0105c si\u0119 du\u017c\u0105 kreatywno\u015bci\u0105 i pomys\u0142owo\u015bci\u0105. Efekty pracy uczni\u00f3w mo\u017cna podziwia\u0107 na wystawie w bibliotece szkolnej.\u00a0I miejsce Volodymyr Chopenko kl. I dII miejsce&hellip;<\/p>\n","protected":false},"author":1,"featured_media":0,"comment_status":"closed","ping_status":"closed","sticky":false,"template":"","format":"standard","meta":{"footnotes":""},"categories":[4],"tags":[],"class_list":["post-18165","post","type-post","status-publish","format-standard","hentry","category-archiwalne"],"_links":{"self":[{"href":"https:\/\/sp2aug.pl\/index.php\/wp-json\/wp\/v2\/posts\/18165","targetHints":{"allow":["GET"]}}],"collection":[{"href":"https:\/\/sp2aug.pl\/index.php\/wp-json\/wp\/v2\/posts"}],"about":[{"href":"https:\/\/sp2aug.pl\/index.php\/wp-json\/wp\/v2\/types\/post"}],"author":[{"embeddable":true,"href":"https:\/\/sp2aug.pl\/index.php\/wp-json\/wp\/v2\/users\/1"}],"replies":[{"embeddable":true,"href":"https:\/\/sp2aug.pl\/index.php\/wp-json\/wp\/v2\/comments?post=18165"}],"version-history":[{"count":3,"href":"https:\/\/sp2aug.pl\/index.php\/wp-json\/wp\/v2\/posts\/18165\/revisions"}],"predecessor-version":[{"id":18170,"href":"https:\/\/sp2aug.pl\/index.php\/wp-json\/wp\/v2\/posts\/18165\/revisions\/18170"}],"wp:attachment":[{"href":"https:\/\/sp2aug.pl\/index.php\/wp-json\/wp\/v2\/media?parent=18165"}],"wp:term":[{"taxonomy":"category","embeddable":true,"href":"https:\/\/sp2aug.pl\/index.php\/wp-json\/wp\/v2\/categories?post=18165"},{"taxonomy":"post_tag","embeddable":true,"href":"https:\/\/sp2aug.pl\/index.php\/wp-json\/wp\/v2\/tags?post=18165"}],"curies":[{"name":"wp","href":"https:\/\/api.w.org\/{rel}","templated":true}]}}