{"id":17589,"date":"2023-11-14T16:31:28","date_gmt":"2023-11-14T15:31:28","guid":{"rendered":"https:\/\/sp2aug.pl\/?p=17589"},"modified":"2023-11-14T16:33:06","modified_gmt":"2023-11-14T15:33:06","slug":"warsztaty-czytelniczo-ilustratorskie","status":"publish","type":"post","link":"https:\/\/sp2aug.pl\/index.php\/2023\/11\/14\/warsztaty-czytelniczo-ilustratorskie\/","title":{"rendered":"Warsztaty czytelniczo- ilustratorskie"},"content":{"rendered":"\t\t<div data-elementor-type=\"wp-post\" data-elementor-id=\"17589\" class=\"elementor elementor-17589\">\n\t\t\t\t\t\t<section class=\"elementor-section elementor-top-section elementor-element elementor-element-3c2193d elementor-section-boxed elementor-section-height-default elementor-section-height-default\" data-id=\"3c2193d\" data-element_type=\"section\">\n\t\t\t\t\t\t<div class=\"elementor-container elementor-column-gap-default\">\n\t\t\t\t\t<div class=\"elementor-column elementor-col-50 elementor-top-column elementor-element elementor-element-472e45d\" data-id=\"472e45d\" data-element_type=\"column\">\n\t\t\t<div class=\"elementor-widget-wrap elementor-element-populated\">\n\t\t\t\t\t\t<div class=\"elementor-element elementor-element-f5938b8 elementor-widget elementor-widget-image\" data-id=\"f5938b8\" data-element_type=\"widget\" data-widget_type=\"image.default\">\n\t\t\t\t<div class=\"elementor-widget-container\">\n\t\t\t\t\t\t\t\t\t\t\t\t\t\t\t\t<a href=\"https:\/\/sp2aug.pl\/wp-content\/uploads\/2023\/11\/warsztaty.png\" data-elementor-open-lightbox=\"yes\" data-elementor-lightbox-title=\"warsztaty\" data-e-action-hash=\"#elementor-action%3Aaction%3Dlightbox%26settings%3DeyJpZCI6MTc1OTAsInVybCI6Imh0dHBzOlwvXC9zcDJhdWcucGxcL3dwLWNvbnRlbnRcL3VwbG9hZHNcLzIwMjNcLzExXC93YXJzenRhdHkucG5nIn0%3D\">\n\t\t\t\t\t\t\t<img fetchpriority=\"high\" decoding=\"async\" width=\"212\" height=\"300\" src=\"https:\/\/sp2aug.pl\/wp-content\/uploads\/2023\/11\/warsztaty-212x300.png\" class=\"attachment-medium size-medium wp-image-17590\" alt=\"\" srcset=\"https:\/\/sp2aug.pl\/wp-content\/uploads\/2023\/11\/warsztaty-212x300.png 212w, https:\/\/sp2aug.pl\/wp-content\/uploads\/2023\/11\/warsztaty.png 558w\" sizes=\"(max-width: 212px) 100vw, 212px\" \/>\t\t\t\t\t\t\t\t<\/a>\n\t\t\t\t\t\t\t\t\t\t\t\t\t\t\t<\/div>\n\t\t\t\t<\/div>\n\t\t\t\t\t<\/div>\n\t\t<\/div>\n\t\t\t\t<div class=\"elementor-column elementor-col-50 elementor-top-column elementor-element elementor-element-8d3663f\" data-id=\"8d3663f\" data-element_type=\"column\">\n\t\t\t<div class=\"elementor-widget-wrap elementor-element-populated\">\n\t\t\t\t\t\t<div class=\"elementor-element elementor-element-9838607 elementor-widget elementor-widget-text-editor\" data-id=\"9838607\" data-element_type=\"widget\" data-widget_type=\"text-editor.default\">\n\t\t\t\t<div class=\"elementor-widget-container\">\n\t\t\t\t\t\t\t\t\t<div><div dir=\"auto\">Niecodzienne wydarzenie przed nami!<\/div><\/div><div><div dir=\"auto\">Dnia 24.11.2023r. odb\u0119d\u0105 si\u0119 warsztaty czytelniczo- ilustratorskie z jedn\u0105 z najbardziej znanych polskich ilustratorek literatury dzieci\u0119cej, graficzk\u0105 i autork\u0105 ksi\u0105\u017cek dla dzieci z p. Mariann\u0105 Oklejak. Wraz z uczniami klasy III b udamy si\u0119 tym razem do biblioteki Szko\u0142y Podstawowej nr 3 w Augustowie.<\/div><\/div><div><div dir=\"auto\">Organizatorem spotkania jest Towarzystwo Nauczycieli Bibliotekarzy Szk\u00f3\u0142 Polskich Oddzia\u0142 w Augustowie w ramach projektu \u201eGdyby\u015b by\u0142 kr\u00f3lem \u2013 warsztaty czytelniczo-ilustratorskie dla dzieci\u201d wsp\u00f3\u0142finansowanego przez Gmin\u0119 Miasto August\u00f3w.<\/div><\/div>\t\t\t\t\t\t\t\t<\/div>\n\t\t\t\t<\/div>\n\t\t\t\t\t<\/div>\n\t\t<\/div>\n\t\t\t\t\t<\/div>\n\t\t<\/section>\n\t\t\t\t<section class=\"elementor-section elementor-top-section elementor-element elementor-element-8625c74 elementor-section-boxed elementor-section-height-default elementor-section-height-default\" data-id=\"8625c74\" data-element_type=\"section\">\n\t\t\t\t\t\t<div class=\"elementor-container elementor-column-gap-default\">\n\t\t\t\t\t<div class=\"elementor-column elementor-col-100 elementor-top-column elementor-element elementor-element-84e948c\" data-id=\"84e948c\" data-element_type=\"column\">\n\t\t\t<div class=\"elementor-widget-wrap\">\n\t\t\t\t\t\t\t<\/div>\n\t\t<\/div>\n\t\t\t\t\t<\/div>\n\t\t<\/section>\n\t\t\t\t<\/div>\n\t\t","protected":false},"excerpt":{"rendered":"<p>Niecodzienne wydarzenie przed nami!Dnia 24.11.2023r. odb\u0119d\u0105 si\u0119 warsztaty czytelniczo- ilustratorskie z jedn\u0105 z najbardziej znanych polskich ilustratorek literatury dzieci\u0119cej, graficzk\u0105 i autork\u0105 ksi\u0105\u017cek dla dzieci z p. Mariann\u0105 Oklejak. Wraz z uczniami klasy III b udamy si\u0119 tym razem do biblioteki Szko\u0142y Podstawowej nr 3 w Augustowie.Organizatorem spotkania jest Towarzystwo Nauczycieli Bibliotekarzy Szk\u00f3\u0142 Polskich Oddzia\u0142&hellip;<\/p>\n","protected":false},"author":1,"featured_media":0,"comment_status":"closed","ping_status":"closed","sticky":false,"template":"","format":"standard","meta":{"footnotes":""},"categories":[4],"tags":[],"class_list":["post-17589","post","type-post","status-publish","format-standard","hentry","category-archiwalne"],"_links":{"self":[{"href":"https:\/\/sp2aug.pl\/index.php\/wp-json\/wp\/v2\/posts\/17589","targetHints":{"allow":["GET"]}}],"collection":[{"href":"https:\/\/sp2aug.pl\/index.php\/wp-json\/wp\/v2\/posts"}],"about":[{"href":"https:\/\/sp2aug.pl\/index.php\/wp-json\/wp\/v2\/types\/post"}],"author":[{"embeddable":true,"href":"https:\/\/sp2aug.pl\/index.php\/wp-json\/wp\/v2\/users\/1"}],"replies":[{"embeddable":true,"href":"https:\/\/sp2aug.pl\/index.php\/wp-json\/wp\/v2\/comments?post=17589"}],"version-history":[{"count":2,"href":"https:\/\/sp2aug.pl\/index.php\/wp-json\/wp\/v2\/posts\/17589\/revisions"}],"predecessor-version":[{"id":17592,"href":"https:\/\/sp2aug.pl\/index.php\/wp-json\/wp\/v2\/posts\/17589\/revisions\/17592"}],"wp:attachment":[{"href":"https:\/\/sp2aug.pl\/index.php\/wp-json\/wp\/v2\/media?parent=17589"}],"wp:term":[{"taxonomy":"category","embeddable":true,"href":"https:\/\/sp2aug.pl\/index.php\/wp-json\/wp\/v2\/categories?post=17589"},{"taxonomy":"post_tag","embeddable":true,"href":"https:\/\/sp2aug.pl\/index.php\/wp-json\/wp\/v2\/tags?post=17589"}],"curies":[{"name":"wp","href":"https:\/\/api.w.org\/{rel}","templated":true}]}}