{"id":16529,"date":"2023-07-17T07:15:01","date_gmt":"2023-07-17T05:15:01","guid":{"rendered":"https:\/\/sp2aug.pl\/?p=16529"},"modified":"2023-07-17T07:17:06","modified_gmt":"2023-07-17T05:17:06","slug":"obchody-78-rocznicy-oblawy-augustowskiej-w-gibach","status":"publish","type":"post","link":"https:\/\/sp2aug.pl\/index.php\/2023\/07\/17\/obchody-78-rocznicy-oblawy-augustowskiej-w-gibach\/","title":{"rendered":"Obchody 78 rocznicy Ob\u0142awy Augustowskiej w Gibach"},"content":{"rendered":"\t\t<div data-elementor-type=\"wp-post\" data-elementor-id=\"16529\" class=\"elementor elementor-16529\">\n\t\t\t\t\t\t<section class=\"elementor-section elementor-top-section elementor-element elementor-element-d266eb4 elementor-section-boxed elementor-section-height-default elementor-section-height-default\" data-id=\"d266eb4\" data-element_type=\"section\">\n\t\t\t\t\t\t<div class=\"elementor-container elementor-column-gap-default\">\n\t\t\t\t\t<div class=\"elementor-column elementor-col-100 elementor-top-column elementor-element elementor-element-a7a7ed4\" data-id=\"a7a7ed4\" data-element_type=\"column\">\n\t\t\t<div class=\"elementor-widget-wrap elementor-element-populated\">\n\t\t\t\t\t\t<div class=\"elementor-element elementor-element-bf328b3 elementor-widget elementor-widget-text-editor\" data-id=\"bf328b3\" data-element_type=\"widget\" data-widget_type=\"text-editor.default\">\n\t\t\t\t<div class=\"elementor-widget-container\">\n\t\t\t\t\t\t\t\t\t<p>Dnia 16 lipca br. w Gibach odby\u0142y si\u0119 obchody 78 rocznicy Ob\u0142awy Augustowskiej.<br>W uroczysto\u015bciach wzi\u0119\u0142y udzia\u0142 liczne reprezentacje w\u0142adz pa\u0144stwowych,<br>samorz\u0105dowych, delegacje szk\u00f3\u0142, rodziny os\u00f3b zaginionych w tej ob\u0142awie oraz mieszka\u0144cy<br>z p\u00f3\u0142nocno-wschodniej cz\u0119\u015bci wojew\u00f3dztwa podlaskiego. Uroczysto\u015b\u0107 rozpocz\u0119\u0142a si\u0119<br>msz\u0105 \u015bw. w intencji ofiar ob\u0142awy w ko\u015bciele pw. \u015aw. Anny w Gibach, kt\u00f3rej przewodniczy\u0142 biskup pomocniczy Diecezji E\u0142ckiej Dariusz Zalewski. Nast\u0119pnie uczestnicy uroczysto\u015bci udali si\u0119 na wzg\u00f3rze, gdzie pod pomnikiem oddali ho\u0142d ofiarom ob\u0142awy i z\u0142o\u017cyli kwiaty. W imieniu naszej szko\u0142y<br>wi\u0105zank\u0119 z\u0142o\u017cyli: dyrektor Leszek Mo\u0142odziejko oraz p. Anna Jakucewicz. Zako\u0144czeniem<br>obchod\u00f3w rocznicy by\u0142a wsp\u00f3lna agapa w hali sportowej przy Szkole Podstawowej im.<br>Ofiar Ob\u0142awy Augustowskiej w Gibach.<br>Ta rocznica przypomina nam, \u017ce 78 lat temu nasi przodkowie zagin\u0119li, \u201ebo byli Polakami\u201d.<br>Dlatego warto poznawa\u0107 histori\u0119 w\u0142asnych rodzin oraz naszego regionu, dzi\u0119ki temu zachowamy pami\u0119\u0107 o tych wydarzeniach.<\/p>\t\t\t\t\t\t\t\t<\/div>\n\t\t\t\t<\/div>\n\t\t\t\t\t<\/div>\n\t\t<\/div>\n\t\t\t\t\t<\/div>\n\t\t<\/section>\n\t\t\t\t<section class=\"elementor-section elementor-top-section elementor-element elementor-element-ea02e70 elementor-section-boxed elementor-section-height-default elementor-section-height-default\" data-id=\"ea02e70\" data-element_type=\"section\">\n\t\t\t\t\t\t<div class=\"elementor-container elementor-column-gap-default\">\n\t\t\t\t\t<div class=\"elementor-column elementor-col-100 elementor-top-column elementor-element elementor-element-918b5f5\" data-id=\"918b5f5\" data-element_type=\"column\">\n\t\t\t<div class=\"elementor-widget-wrap elementor-element-populated\">\n\t\t\t\t\t\t<div class=\"elementor-element elementor-element-26c9aa8 elementor-arrows-position-inside elementor-pagination-position-outside elementor-widget elementor-widget-image-carousel\" data-id=\"26c9aa8\" data-element_type=\"widget\" data-settings=\"{&quot;navigation&quot;:&quot;both&quot;,&quot;autoplay&quot;:&quot;yes&quot;,&quot;pause_on_hover&quot;:&quot;yes&quot;,&quot;pause_on_interaction&quot;:&quot;yes&quot;,&quot;autoplay_speed&quot;:5000,&quot;infinite&quot;:&quot;yes&quot;,&quot;speed&quot;:500}\" data-widget_type=\"image-carousel.default\">\n\t\t\t\t<div class=\"elementor-widget-container\">\n\t\t\t\t\t\t\t<div class=\"elementor-image-carousel-wrapper swiper\" role=\"region\" aria-roledescription=\"carousel\" aria-label=\"Karuzela obrazk\u00f3w\" dir=\"ltr\">\n\t\t\t<div class=\"elementor-image-carousel swiper-wrapper\" aria-live=\"off\">\n\t\t\t\t\t\t\t\t<div class=\"swiper-slide\" role=\"group\" aria-roledescription=\"slide\" aria-label=\"1 z 4\"><a data-elementor-open-lightbox=\"yes\" data-elementor-lightbox-slideshow=\"26c9aa8\" data-elementor-lightbox-title=\"11\" data-e-action-hash=\"#elementor-action%3Aaction%3Dlightbox%26settings%3DeyJpZCI6MTY1MzAsInVybCI6Imh0dHBzOlwvXC9zcDJhdWcucGxcL3dwLWNvbnRlbnRcL3VwbG9hZHNcLzIwMjNcLzA3XC8xMS5qcGciLCJzbGlkZXNob3ciOiIyNmM5YWE4In0%3D\" href=\"https:\/\/sp2aug.pl\/wp-content\/uploads\/2023\/07\/11.jpg\"><figure class=\"swiper-slide-inner\"><img decoding=\"async\" class=\"swiper-slide-image\" src=\"https:\/\/sp2aug.pl\/wp-content\/uploads\/2023\/07\/11-150x150.jpg\" alt=\"11\" \/><\/figure><\/a><\/div><div class=\"swiper-slide\" role=\"group\" aria-roledescription=\"slide\" aria-label=\"2 z 4\"><a data-elementor-open-lightbox=\"yes\" data-elementor-lightbox-slideshow=\"26c9aa8\" data-elementor-lightbox-title=\"12\" data-e-action-hash=\"#elementor-action%3Aaction%3Dlightbox%26settings%3DeyJpZCI6MTY1MzEsInVybCI6Imh0dHBzOlwvXC9zcDJhdWcucGxcL3dwLWNvbnRlbnRcL3VwbG9hZHNcLzIwMjNcLzA3XC8xMi5qcGciLCJzbGlkZXNob3ciOiIyNmM5YWE4In0%3D\" href=\"https:\/\/sp2aug.pl\/wp-content\/uploads\/2023\/07\/12.jpg\"><figure class=\"swiper-slide-inner\"><img decoding=\"async\" class=\"swiper-slide-image\" src=\"https:\/\/sp2aug.pl\/wp-content\/uploads\/2023\/07\/12-150x150.jpg\" alt=\"12\" \/><\/figure><\/a><\/div><div class=\"swiper-slide\" role=\"group\" aria-roledescription=\"slide\" aria-label=\"3 z 4\"><a data-elementor-open-lightbox=\"yes\" data-elementor-lightbox-slideshow=\"26c9aa8\" data-elementor-lightbox-title=\"13\" data-e-action-hash=\"#elementor-action%3Aaction%3Dlightbox%26settings%3DeyJpZCI6MTY1MzIsInVybCI6Imh0dHBzOlwvXC9zcDJhdWcucGxcL3dwLWNvbnRlbnRcL3VwbG9hZHNcLzIwMjNcLzA3XC8xMy5qcGciLCJzbGlkZXNob3ciOiIyNmM5YWE4In0%3D\" href=\"https:\/\/sp2aug.pl\/wp-content\/uploads\/2023\/07\/13.jpg\"><figure class=\"swiper-slide-inner\"><img decoding=\"async\" class=\"swiper-slide-image\" src=\"https:\/\/sp2aug.pl\/wp-content\/uploads\/2023\/07\/13-150x150.jpg\" alt=\"13\" \/><\/figure><\/a><\/div><div class=\"swiper-slide\" role=\"group\" aria-roledescription=\"slide\" aria-label=\"4 z 4\"><a data-elementor-open-lightbox=\"yes\" data-elementor-lightbox-slideshow=\"26c9aa8\" data-elementor-lightbox-title=\"14\" data-e-action-hash=\"#elementor-action%3Aaction%3Dlightbox%26settings%3DeyJpZCI6MTY1MzMsInVybCI6Imh0dHBzOlwvXC9zcDJhdWcucGxcL3dwLWNvbnRlbnRcL3VwbG9hZHNcLzIwMjNcLzA3XC8xNC5qcGciLCJzbGlkZXNob3ciOiIyNmM5YWE4In0%3D\" href=\"https:\/\/sp2aug.pl\/wp-content\/uploads\/2023\/07\/14.jpg\"><figure class=\"swiper-slide-inner\"><img decoding=\"async\" class=\"swiper-slide-image\" src=\"https:\/\/sp2aug.pl\/wp-content\/uploads\/2023\/07\/14-150x150.jpg\" alt=\"14\" \/><\/figure><\/a><\/div>\t\t\t<\/div>\n\t\t\t\t\t\t\t\t\t\t\t\t<div class=\"elementor-swiper-button elementor-swiper-button-prev\" role=\"button\" tabindex=\"0\">\n\t\t\t\t\t\t<i aria-hidden=\"true\" class=\"eicon-chevron-left\"><\/i>\t\t\t\t\t<\/div>\n\t\t\t\t\t<div class=\"elementor-swiper-button elementor-swiper-button-next\" role=\"button\" tabindex=\"0\">\n\t\t\t\t\t\t<i aria-hidden=\"true\" class=\"eicon-chevron-right\"><\/i>\t\t\t\t\t<\/div>\n\t\t\t\t\n\t\t\t\t\t\t\t\t\t<div class=\"swiper-pagination\"><\/div>\n\t\t\t\t\t\t\t\t\t<\/div>\n\t\t\t\t\t\t<\/div>\n\t\t\t\t<\/div>\n\t\t\t\t\t<\/div>\n\t\t<\/div>\n\t\t\t\t\t<\/div>\n\t\t<\/section>\n\t\t\t\t<\/div>\n\t\t","protected":false},"excerpt":{"rendered":"<p>Dnia 16 lipca br. w Gibach odby\u0142y si\u0119 obchody 78 rocznicy Ob\u0142awy Augustowskiej.W uroczysto\u015bciach wzi\u0119\u0142y udzia\u0142 liczne reprezentacje w\u0142adz pa\u0144stwowych,samorz\u0105dowych, delegacje szk\u00f3\u0142, rodziny os\u00f3b zaginionych w tej ob\u0142awie oraz mieszka\u0144cyz p\u00f3\u0142nocno-wschodniej cz\u0119\u015bci wojew\u00f3dztwa podlaskiego. Uroczysto\u015b\u0107 rozpocz\u0119\u0142a si\u0119msz\u0105 \u015bw. w intencji ofiar ob\u0142awy w ko\u015bciele pw. \u015aw. Anny w Gibach, kt\u00f3rej przewodniczy\u0142 biskup pomocniczy Diecezji E\u0142ckiej&hellip;<\/p>\n","protected":false},"author":1,"featured_media":0,"comment_status":"closed","ping_status":"closed","sticky":false,"template":"","format":"standard","meta":{"footnotes":""},"categories":[4],"tags":[],"class_list":["post-16529","post","type-post","status-publish","format-standard","hentry","category-archiwalne"],"_links":{"self":[{"href":"https:\/\/sp2aug.pl\/index.php\/wp-json\/wp\/v2\/posts\/16529","targetHints":{"allow":["GET"]}}],"collection":[{"href":"https:\/\/sp2aug.pl\/index.php\/wp-json\/wp\/v2\/posts"}],"about":[{"href":"https:\/\/sp2aug.pl\/index.php\/wp-json\/wp\/v2\/types\/post"}],"author":[{"embeddable":true,"href":"https:\/\/sp2aug.pl\/index.php\/wp-json\/wp\/v2\/users\/1"}],"replies":[{"embeddable":true,"href":"https:\/\/sp2aug.pl\/index.php\/wp-json\/wp\/v2\/comments?post=16529"}],"version-history":[{"count":2,"href":"https:\/\/sp2aug.pl\/index.php\/wp-json\/wp\/v2\/posts\/16529\/revisions"}],"predecessor-version":[{"id":16535,"href":"https:\/\/sp2aug.pl\/index.php\/wp-json\/wp\/v2\/posts\/16529\/revisions\/16535"}],"wp:attachment":[{"href":"https:\/\/sp2aug.pl\/index.php\/wp-json\/wp\/v2\/media?parent=16529"}],"wp:term":[{"taxonomy":"category","embeddable":true,"href":"https:\/\/sp2aug.pl\/index.php\/wp-json\/wp\/v2\/categories?post=16529"},{"taxonomy":"post_tag","embeddable":true,"href":"https:\/\/sp2aug.pl\/index.php\/wp-json\/wp\/v2\/tags?post=16529"}],"curies":[{"name":"wp","href":"https:\/\/api.w.org\/{rel}","templated":true}]}}