{"id":16021,"date":"2023-06-12T21:21:30","date_gmt":"2023-06-12T19:21:30","guid":{"rendered":"https:\/\/sp2aug.pl\/?p=16021"},"modified":"2023-06-12T21:23:27","modified_gmt":"2023-06-12T19:23:27","slug":"z-bykami-nie-walczymy-sami","status":"publish","type":"post","link":"https:\/\/sp2aug.pl\/index.php\/2023\/06\/12\/z-bykami-nie-walczymy-sami\/","title":{"rendered":"Z bykami nie walczymy sami&#8230;"},"content":{"rendered":"\t\t<div data-elementor-type=\"wp-post\" data-elementor-id=\"16021\" class=\"elementor elementor-16021\">\n\t\t\t\t\t\t<section class=\"elementor-section elementor-top-section elementor-element elementor-element-16ba247 elementor-section-boxed elementor-section-height-default elementor-section-height-default\" data-id=\"16ba247\" data-element_type=\"section\">\n\t\t\t\t\t\t<div class=\"elementor-container elementor-column-gap-default\">\n\t\t\t\t\t<div class=\"elementor-column elementor-col-50 elementor-top-column elementor-element elementor-element-4d28d77\" data-id=\"4d28d77\" data-element_type=\"column\">\n\t\t\t<div class=\"elementor-widget-wrap elementor-element-populated\">\n\t\t\t\t\t\t<div class=\"elementor-element elementor-element-eaebfcc elementor-widget elementor-widget-image\" data-id=\"eaebfcc\" data-element_type=\"widget\" data-widget_type=\"image.default\">\n\t\t\t\t<div class=\"elementor-widget-container\">\n\t\t\t\t\t\t\t\t\t\t\t\t\t\t\t\t<a href=\"https:\/\/sp2aug.pl\/wp-content\/uploads\/2023\/06\/ort.jpg\" data-elementor-open-lightbox=\"yes\" data-elementor-lightbox-title=\"ort\" data-e-action-hash=\"#elementor-action%3Aaction%3Dlightbox%26settings%3DeyJpZCI6MTYwMjIsInVybCI6Imh0dHBzOlwvXC9zcDJhdWcucGxcL3dwLWNvbnRlbnRcL3VwbG9hZHNcLzIwMjNcLzA2XC9vcnQuanBnIn0%3D\">\n\t\t\t\t\t\t\t<img fetchpriority=\"high\" decoding=\"async\" width=\"800\" height=\"600\" src=\"https:\/\/sp2aug.pl\/wp-content\/uploads\/2023\/06\/ort.jpg\" class=\"attachment-large size-large wp-image-16022\" alt=\"\" srcset=\"https:\/\/sp2aug.pl\/wp-content\/uploads\/2023\/06\/ort.jpg 800w, https:\/\/sp2aug.pl\/wp-content\/uploads\/2023\/06\/ort-300x225.jpg 300w, https:\/\/sp2aug.pl\/wp-content\/uploads\/2023\/06\/ort-768x576.jpg 768w, https:\/\/sp2aug.pl\/wp-content\/uploads\/2023\/06\/ort-160x120.jpg 160w\" sizes=\"(max-width: 800px) 100vw, 800px\" \/>\t\t\t\t\t\t\t\t<\/a>\n\t\t\t\t\t\t\t\t\t\t\t\t\t\t\t<\/div>\n\t\t\t\t<\/div>\n\t\t\t\t\t<\/div>\n\t\t<\/div>\n\t\t\t\t<div class=\"elementor-column elementor-col-50 elementor-top-column elementor-element elementor-element-2b4c360\" data-id=\"2b4c360\" data-element_type=\"column\">\n\t\t\t<div class=\"elementor-widget-wrap elementor-element-populated\">\n\t\t\t\t\t\t<div class=\"elementor-element elementor-element-f8048ef elementor-widget elementor-widget-text-editor\" data-id=\"f8048ef\" data-element_type=\"widget\" data-widget_type=\"text-editor.default\">\n\t\t\t\t<div class=\"elementor-widget-container\">\n\t\t\t\t\t\t\t\t\t<div>Dnia 6 czerwca 2023 roku odby\u0142 si\u0119 w Zespole Szkolno &#8211; Przedszkolnym nr 2 w Augustowie XXIV Powiatowy Konkurs Ortograficzny ,,Walka z bykami&#8221;. Nasz\u0105 szko\u0142\u0119 w tych ortograficznych potyczkach reprezentowa\u0142y : Maja Zaborowska z klasy Vb i Laura Raczkowska z VIb.\u00a0<\/div><div>Anna Palczewska<\/div>\t\t\t\t\t\t\t\t<\/div>\n\t\t\t\t<\/div>\n\t\t\t\t\t<\/div>\n\t\t<\/div>\n\t\t\t\t\t<\/div>\n\t\t<\/section>\n\t\t\t\t<\/div>\n\t\t","protected":false},"excerpt":{"rendered":"<p>Dnia 6 czerwca 2023 roku odby\u0142 si\u0119 w Zespole Szkolno &#8211; Przedszkolnym nr 2 w Augustowie XXIV Powiatowy Konkurs Ortograficzny ,,Walka z bykami&#8221;. Nasz\u0105 szko\u0142\u0119 w tych ortograficznych potyczkach reprezentowa\u0142y : Maja Zaborowska z klasy Vb i Laura Raczkowska z VIb.\u00a0Anna Palczewska<\/p>\n","protected":false},"author":1,"featured_media":0,"comment_status":"closed","ping_status":"closed","sticky":false,"template":"","format":"standard","meta":{"footnotes":""},"categories":[4],"tags":[],"class_list":["post-16021","post","type-post","status-publish","format-standard","hentry","category-archiwalne"],"_links":{"self":[{"href":"https:\/\/sp2aug.pl\/index.php\/wp-json\/wp\/v2\/posts\/16021","targetHints":{"allow":["GET"]}}],"collection":[{"href":"https:\/\/sp2aug.pl\/index.php\/wp-json\/wp\/v2\/posts"}],"about":[{"href":"https:\/\/sp2aug.pl\/index.php\/wp-json\/wp\/v2\/types\/post"}],"author":[{"embeddable":true,"href":"https:\/\/sp2aug.pl\/index.php\/wp-json\/wp\/v2\/users\/1"}],"replies":[{"embeddable":true,"href":"https:\/\/sp2aug.pl\/index.php\/wp-json\/wp\/v2\/comments?post=16021"}],"version-history":[{"count":2,"href":"https:\/\/sp2aug.pl\/index.php\/wp-json\/wp\/v2\/posts\/16021\/revisions"}],"predecessor-version":[{"id":16024,"href":"https:\/\/sp2aug.pl\/index.php\/wp-json\/wp\/v2\/posts\/16021\/revisions\/16024"}],"wp:attachment":[{"href":"https:\/\/sp2aug.pl\/index.php\/wp-json\/wp\/v2\/media?parent=16021"}],"wp:term":[{"taxonomy":"category","embeddable":true,"href":"https:\/\/sp2aug.pl\/index.php\/wp-json\/wp\/v2\/categories?post=16021"},{"taxonomy":"post_tag","embeddable":true,"href":"https:\/\/sp2aug.pl\/index.php\/wp-json\/wp\/v2\/tags?post=16021"}],"curies":[{"name":"wp","href":"https:\/\/api.w.org\/{rel}","templated":true}]}}