{"id":15789,"date":"2023-05-30T18:04:14","date_gmt":"2023-05-30T16:04:14","guid":{"rendered":"https:\/\/sp2aug.pl\/?p=15789"},"modified":"2023-05-30T18:12:13","modified_gmt":"2023-05-30T16:12:13","slug":"konkurs-poetycko-fotograficzny-rozstrzygniety","status":"publish","type":"post","link":"https:\/\/sp2aug.pl\/index.php\/2023\/05\/30\/konkurs-poetycko-fotograficzny-rozstrzygniety\/","title":{"rendered":"Konkurs poetycko \u2013 fotograficzny rozstrzygni\u0119ty"},"content":{"rendered":"\t\t<div data-elementor-type=\"wp-post\" data-elementor-id=\"15789\" class=\"elementor elementor-15789\">\n\t\t\t\t\t\t<section class=\"elementor-section elementor-top-section elementor-element elementor-element-b11b5f8 elementor-section-boxed elementor-section-height-default elementor-section-height-default\" data-id=\"b11b5f8\" data-element_type=\"section\">\n\t\t\t\t\t\t<div class=\"elementor-container elementor-column-gap-default\">\n\t\t\t\t\t<div class=\"elementor-column elementor-col-100 elementor-top-column elementor-element elementor-element-925a6fa\" data-id=\"925a6fa\" data-element_type=\"column\">\n\t\t\t<div class=\"elementor-widget-wrap elementor-element-populated\">\n\t\t\t\t\t\t<div class=\"elementor-element elementor-element-1da9e9e elementor-widget elementor-widget-text-editor\" data-id=\"1da9e9e\" data-element_type=\"widget\" data-widget_type=\"text-editor.default\">\n\t\t\t\t<div class=\"elementor-widget-container\">\n\t\t\t\t\t\t\t\t\t<p>Z okazji 32 rocznicy nadania imienia Szkole oraz 200 rocznicy rozpocz\u0119cia budowy Kana\u0142u Augustowskiego. Zosta\u0142 og\u0142oszony konkurs poetycko \u2013 fotograficzny pt. \u201e200 lat Kana\u0142u Augustowskiego\u201d. Celem konkursu by\u0142o promowanie walor\u00f3w przyrodniczych kana\u0142u, zwr\u00f3cenie uwagi na pi\u0119kno otaczaj\u0105cej nas natury oraz jej ochrony, rozwijanie wra\u017cliwo\u015bci artystycznej i&nbsp; prezentacja tw\u00f3rczo\u015bci uczni\u00f3w w dziedzinie fotografii. &nbsp;Kszta\u0142towanie postaw patriotycznych i poczucia identyfikacji z w\u0142asn\u0105 szko\u0142\u0105, &#8211; rozwijanie wyobra\u017ani tw\u00f3rczej, &#8211; zach\u0119cenie dzieci do prezentowania w\u0142asnych umiej\u0119tno\u015bci&nbsp;literackich. Dzi\u0119kujemy bardzo Nadle\u015bniczemu Nadle\u015bnictwa P\u0142aska, Panu Romanowi Rogozi\u0144skiemu oraz Radzie Rodzic\u00f3w za ufundowanie nagr\u00f3d.<br>Oto wyniki konkursu:<br>Kategoria klasy I- IV<br>I miejsce \u2013 Aleksandra Czuper kl. I A<br>II miejsce \u2013 Leon Kowalski kl. IIB<br>III miejsce \u2013 Gabriel Skuba kl. IIIA<br>Wyr\u00f3\u017cnienia:<br>Wojciech Kutraszy\u0144ski kl. IV A<br>Maria Szyndler kl. IA<br>Jan Sie\u0144kowki kl. IC<br>Wiktoria Masiejczyk kl. IVA<br>Kategoria klasy V \u2013 VIII<br>I miejsce \u2013 Marta Wasilewska kl. VIB<br>II miejsce \u2013 Bart\u0142omiej Dogiel kl. VA<br>III miejsce \u2013 Maciej Twardowski kl. VA<br>Wyr\u00f3\u017cnienia:<br>Julia Haponik kl. VB<br>Maja Jedli\u0144ska kl. VIIB<br>Oskar Bukowski kl. VIB<br>Magdalena \u017babicka kl. VIB<br>Konkurs poetycki:<br>I miejsce \u2013 Izabela Podbielska kl. VIIID<\/p>\n<p>II miejsce \u2013 Anna Szymczak kl. VIII B<br>III miejsce &#8211; Bartosz Lipi\u0144ski kl. VI A<br>Dzi\u0119kujemy bardzo wszystkim uczestnikom konkursu.<br>Konkurs zorganizowa\u0142y: Halina Nowicka oraz Marianna Maksimowska &#8211; Doroszko<\/p><p>Zapraszamy do obejrzenia nagrodzonych prac.<br><\/p>\t\t\t\t\t\t\t\t<\/div>\n\t\t\t\t<\/div>\n\t\t\t\t\t<\/div>\n\t\t<\/div>\n\t\t\t\t\t<\/div>\n\t\t<\/section>\n\t\t\t\t<\/div>\n\t\t","protected":false},"excerpt":{"rendered":"<p>Z okazji 32 rocznicy nadania imienia Szkole oraz 200 rocznicy rozpocz\u0119cia budowy Kana\u0142u Augustowskiego. Zosta\u0142 og\u0142oszony konkurs poetycko \u2013 fotograficzny pt. \u201e200 lat Kana\u0142u Augustowskiego\u201d. Celem konkursu by\u0142o promowanie walor\u00f3w przyrodniczych kana\u0142u, zwr\u00f3cenie uwagi na pi\u0119kno otaczaj\u0105cej nas natury oraz jej ochrony, rozwijanie wra\u017cliwo\u015bci artystycznej i&nbsp; prezentacja tw\u00f3rczo\u015bci uczni\u00f3w w dziedzinie fotografii. &nbsp;Kszta\u0142towanie postaw patriotycznych&hellip;<\/p>\n","protected":false},"author":1,"featured_media":0,"comment_status":"closed","ping_status":"closed","sticky":false,"template":"","format":"standard","meta":{"footnotes":""},"categories":[4],"tags":[],"class_list":["post-15789","post","type-post","status-publish","format-standard","hentry","category-archiwalne"],"_links":{"self":[{"href":"https:\/\/sp2aug.pl\/index.php\/wp-json\/wp\/v2\/posts\/15789","targetHints":{"allow":["GET"]}}],"collection":[{"href":"https:\/\/sp2aug.pl\/index.php\/wp-json\/wp\/v2\/posts"}],"about":[{"href":"https:\/\/sp2aug.pl\/index.php\/wp-json\/wp\/v2\/types\/post"}],"author":[{"embeddable":true,"href":"https:\/\/sp2aug.pl\/index.php\/wp-json\/wp\/v2\/users\/1"}],"replies":[{"embeddable":true,"href":"https:\/\/sp2aug.pl\/index.php\/wp-json\/wp\/v2\/comments?post=15789"}],"version-history":[{"count":2,"href":"https:\/\/sp2aug.pl\/index.php\/wp-json\/wp\/v2\/posts\/15789\/revisions"}],"predecessor-version":[{"id":15791,"href":"https:\/\/sp2aug.pl\/index.php\/wp-json\/wp\/v2\/posts\/15789\/revisions\/15791"}],"wp:attachment":[{"href":"https:\/\/sp2aug.pl\/index.php\/wp-json\/wp\/v2\/media?parent=15789"}],"wp:term":[{"taxonomy":"category","embeddable":true,"href":"https:\/\/sp2aug.pl\/index.php\/wp-json\/wp\/v2\/categories?post=15789"},{"taxonomy":"post_tag","embeddable":true,"href":"https:\/\/sp2aug.pl\/index.php\/wp-json\/wp\/v2\/tags?post=15789"}],"curies":[{"name":"wp","href":"https:\/\/api.w.org\/{rel}","templated":true}]}}