{"id":15644,"date":"2023-05-22T18:00:04","date_gmt":"2023-05-22T16:00:04","guid":{"rendered":"https:\/\/sp2aug.pl\/?p=15644"},"modified":"2023-05-22T18:02:06","modified_gmt":"2023-05-22T16:02:06","slug":"rozstrzygniecie-konkursow-na-swieto-szkoly","status":"publish","type":"post","link":"https:\/\/sp2aug.pl\/index.php\/2023\/05\/22\/rozstrzygniecie-konkursow-na-swieto-szkoly\/","title":{"rendered":"Rozstrzygni\u0119cie konkurs\u00f3w na \u015bwi\u0119to szko\u0142y"},"content":{"rendered":"\t\t<div data-elementor-type=\"wp-post\" data-elementor-id=\"15644\" class=\"elementor elementor-15644\">\n\t\t\t\t\t\t<section class=\"elementor-section elementor-top-section elementor-element elementor-element-4870c78 elementor-section-boxed elementor-section-height-default elementor-section-height-default\" data-id=\"4870c78\" data-element_type=\"section\">\n\t\t\t\t\t\t<div class=\"elementor-container elementor-column-gap-default\">\n\t\t\t\t\t<div class=\"elementor-column elementor-col-100 elementor-top-column elementor-element elementor-element-f51fb60\" data-id=\"f51fb60\" data-element_type=\"column\">\n\t\t\t<div class=\"elementor-widget-wrap elementor-element-populated\">\n\t\t\t\t\t\t<div class=\"elementor-element elementor-element-f4d1843 elementor-widget elementor-widget-text-editor\" data-id=\"f4d1843\" data-element_type=\"widget\" data-widget_type=\"text-editor.default\">\n\t\t\t\t<div class=\"elementor-widget-container\">\n\t\t\t\t\t\t\t\t\t<p style=\"text-align: center;\">Jury w sk\u0142adzie:<\/p><p>Beata Arciszewska<\/p><p>Ewa Kury\u0142o<\/p><p>Beata Palczewska<\/p><p>Oceni\u0142o prace w kategorii kl. V &#8211; VIII<\/p><p>I\u00a0 &#8211; Marta Wasilewska VI B<\/p><p>II &#8211; Bart\u0142omiej dogiel\u00a0 VAi<\/p><p>III &#8211; Maciej Twardowski\u00a0 VAi<\/p><p>3 wyr\u00f3\u017cnienia<\/p><p>Julia Haponik V B<\/p><p>Maja Jedli\u0144ska VIIB<\/p><p>Oskar Bukowski VI B<\/p><p>Magdalena \u017babicka\u00a0 VI B<\/p><p>W kat. I &#8211; IV<\/p><p>\u00a0I &#8211; Aleksandra Czuper\u00a0 IA<\/p><p>II &#8211; Leon Kowalewski IIB<\/p><p>III &#8211; Gabriel Skruba IIIA<\/p><p>Wyr\u00f3\u017cnienia<\/p><p>Wojciech Kutraszy\u015bki\u00a0 IV D<\/p><p>Maria Szyndler IA<\/p><p>Jan Sie\u0144kowski IC<\/p><p>Wiktoria Masiejczyk IV A<\/p><p>Konkurs poetycki<\/p><p>I miejsce\u00a0<\/p><p>Iza Podbielska 8b<\/p><p>II miejsce<\/p><p>Anna Szymczak 8b<\/p><p>III miejsce<\/p><p>Bartosz Lipi\u0144ski 6a<\/p>\t\t\t\t\t\t\t\t<\/div>\n\t\t\t\t<\/div>\n\t\t\t\t\t<\/div>\n\t\t<\/div>\n\t\t\t\t\t<\/div>\n\t\t<\/section>\n\t\t\t\t<\/div>\n\t\t","protected":false},"excerpt":{"rendered":"<p>Jury w sk\u0142adzie: Beata Arciszewska Ewa Kury\u0142o Beata Palczewska Oceni\u0142o prace w kategorii kl. V &#8211; VIII I\u00a0 &#8211; Marta Wasilewska VI B II &#8211; Bart\u0142omiej dogiel\u00a0 VAi III &#8211; Maciej Twardowski\u00a0 VAi 3 wyr\u00f3\u017cnienia Julia Haponik V B Maja Jedli\u0144ska VIIB Oskar Bukowski VI B Magdalena \u017babicka\u00a0 VI B W kat. I &#8211; IV&hellip;<\/p>\n","protected":false},"author":1,"featured_media":0,"comment_status":"closed","ping_status":"closed","sticky":false,"template":"","format":"standard","meta":{"footnotes":""},"categories":[4],"tags":[],"class_list":["post-15644","post","type-post","status-publish","format-standard","hentry","category-archiwalne"],"_links":{"self":[{"href":"https:\/\/sp2aug.pl\/index.php\/wp-json\/wp\/v2\/posts\/15644","targetHints":{"allow":["GET"]}}],"collection":[{"href":"https:\/\/sp2aug.pl\/index.php\/wp-json\/wp\/v2\/posts"}],"about":[{"href":"https:\/\/sp2aug.pl\/index.php\/wp-json\/wp\/v2\/types\/post"}],"author":[{"embeddable":true,"href":"https:\/\/sp2aug.pl\/index.php\/wp-json\/wp\/v2\/users\/1"}],"replies":[{"embeddable":true,"href":"https:\/\/sp2aug.pl\/index.php\/wp-json\/wp\/v2\/comments?post=15644"}],"version-history":[{"count":2,"href":"https:\/\/sp2aug.pl\/index.php\/wp-json\/wp\/v2\/posts\/15644\/revisions"}],"predecessor-version":[{"id":15646,"href":"https:\/\/sp2aug.pl\/index.php\/wp-json\/wp\/v2\/posts\/15644\/revisions\/15646"}],"wp:attachment":[{"href":"https:\/\/sp2aug.pl\/index.php\/wp-json\/wp\/v2\/media?parent=15644"}],"wp:term":[{"taxonomy":"category","embeddable":true,"href":"https:\/\/sp2aug.pl\/index.php\/wp-json\/wp\/v2\/categories?post=15644"},{"taxonomy":"post_tag","embeddable":true,"href":"https:\/\/sp2aug.pl\/index.php\/wp-json\/wp\/v2\/tags?post=15644"}],"curies":[{"name":"wp","href":"https:\/\/api.w.org\/{rel}","templated":true}]}}