{"id":15392,"date":"2023-05-07T13:21:43","date_gmt":"2023-05-07T11:21:43","guid":{"rendered":"https:\/\/sp2aug.pl\/?p=15392"},"modified":"2023-05-07T13:23:04","modified_gmt":"2023-05-07T11:23:04","slug":"ogolnopolski-dzien-konia","status":"publish","type":"post","link":"https:\/\/sp2aug.pl\/index.php\/2023\/05\/07\/ogolnopolski-dzien-konia\/","title":{"rendered":"Og\u00f3lnopolski Dzie\u0144 Konia"},"content":{"rendered":"\t\t<div data-elementor-type=\"wp-post\" data-elementor-id=\"15392\" class=\"elementor elementor-15392\">\n\t\t\t\t\t\t<section class=\"elementor-section elementor-top-section elementor-element elementor-element-30c6179 elementor-section-boxed elementor-section-height-default elementor-section-height-default\" data-id=\"30c6179\" data-element_type=\"section\">\n\t\t\t\t\t\t<div class=\"elementor-container elementor-column-gap-default\">\n\t\t\t\t\t<div class=\"elementor-column elementor-col-50 elementor-top-column elementor-element elementor-element-b903993\" data-id=\"b903993\" data-element_type=\"column\">\n\t\t\t<div class=\"elementor-widget-wrap elementor-element-populated\">\n\t\t\t\t\t\t<div class=\"elementor-element elementor-element-09c3572 elementor-widget elementor-widget-image\" data-id=\"09c3572\" data-element_type=\"widget\" data-widget_type=\"image.default\">\n\t\t\t\t<div class=\"elementor-widget-container\">\n\t\t\t\t\t\t\t\t\t\t\t\t\t\t\t\t<a href=\"https:\/\/sp2aug.pl\/wp-content\/uploads\/2023\/05\/kon.png\" data-elementor-open-lightbox=\"yes\" data-elementor-lightbox-title=\"kon\" data-e-action-hash=\"#elementor-action%3Aaction%3Dlightbox%26settings%3DeyJpZCI6MTUzOTMsInVybCI6Imh0dHBzOlwvXC9zcDJhdWcucGxcL3dwLWNvbnRlbnRcL3VwbG9hZHNcLzIwMjNcLzA1XC9rb24ucG5nIn0%3D\">\n\t\t\t\t\t\t\t<img fetchpriority=\"high\" decoding=\"async\" width=\"540\" height=\"540\" src=\"https:\/\/sp2aug.pl\/wp-content\/uploads\/2023\/05\/kon.png\" class=\"attachment-large size-large wp-image-15393\" alt=\"\" srcset=\"https:\/\/sp2aug.pl\/wp-content\/uploads\/2023\/05\/kon.png 540w, https:\/\/sp2aug.pl\/wp-content\/uploads\/2023\/05\/kon-300x300.png 300w, https:\/\/sp2aug.pl\/wp-content\/uploads\/2023\/05\/kon-150x150.png 150w\" sizes=\"(max-width: 540px) 100vw, 540px\" \/>\t\t\t\t\t\t\t\t<\/a>\n\t\t\t\t\t\t\t\t\t\t\t\t\t\t\t<\/div>\n\t\t\t\t<\/div>\n\t\t\t\t\t<\/div>\n\t\t<\/div>\n\t\t\t\t<div class=\"elementor-column elementor-col-50 elementor-top-column elementor-element elementor-element-5bf7e13\" data-id=\"5bf7e13\" data-element_type=\"column\">\n\t\t\t<div class=\"elementor-widget-wrap elementor-element-populated\">\n\t\t\t\t\t\t<div class=\"elementor-element elementor-element-ff86291 elementor-widget elementor-widget-text-editor\" data-id=\"ff86291\" data-element_type=\"widget\" data-widget_type=\"text-editor.default\">\n\t\t\t\t<div class=\"elementor-widget-container\">\n\t\t\t\t\t\t\t\t\t<div>Og\u00f3lnopolski Dzie\u0144 Konia przypada na 30 kwietnia. Z okazji tego \u015bwi\u0119ta w bibliotece szkolnej go\u015bcili\u015bmy psychoterapeutk\u0119 Berenik\u0119 Or\u0142owsk\u0105 i klas\u0119 VIIIa.\u00a0<\/div><div>Pani Berenika mieszka w Oklinach. Ca\u0142e swoje \u017cycie sp\u0119dzi\u0142a z ko\u0144mi. W pracy psychoterapeuty pomaga stado koni. Obecnie w o\u015brodku mieszka \u00a010 koni. \u017byj\u0105 one swobodnie, blisko natury. Warunki ich \u017cycia \u00a0zbli\u017cone do naturalnych oraz szacunek z jakim s\u0105 traktowane sprawiaj\u0105, \u017ce mog\u0105 wsp\u00f3\u0142pracowa\u0107 w pracy terapeutycznej.<\/div><div>Uczniowie zadali du\u017co pyta\u0144 naszemu go\u015bciowi. Us\u0142yszeli\u015bmy ciekaw\u0105 histori\u0119 o tym jak ko\u0144 uratowa\u0142 \u017cycie dziewczynce.<br \/>Zach\u0119camy do odwiedzenia strony\u00a0<a href=\"http:\/\/www.konieiludzie.pl\/\" target=\"_blank\" rel=\"noopener\" data-saferedirecturl=\"https:\/\/www.google.com\/url?q=http:\/\/www.konieiludzie.pl&amp;source=gmail&amp;ust=1683541763349000&amp;usg=AOvVaw1Pz-xAU3MS2cjMNFaTRThN\">www.konieiludzie.pl<\/a><\/div>\t\t\t\t\t\t\t\t<\/div>\n\t\t\t\t<\/div>\n\t\t\t\t\t<\/div>\n\t\t<\/div>\n\t\t\t\t\t<\/div>\n\t\t<\/section>\n\t\t\t\t<section class=\"elementor-section elementor-top-section elementor-element elementor-element-f19ebe1 elementor-section-boxed elementor-section-height-default elementor-section-height-default\" data-id=\"f19ebe1\" data-element_type=\"section\">\n\t\t\t\t\t\t<div class=\"elementor-container elementor-column-gap-default\">\n\t\t\t\t\t<div class=\"elementor-column elementor-col-50 elementor-top-column elementor-element elementor-element-95801f8\" data-id=\"95801f8\" data-element_type=\"column\">\n\t\t\t<div class=\"elementor-widget-wrap elementor-element-populated\">\n\t\t\t\t\t\t<div class=\"elementor-element elementor-element-2b63b32 elementor-widget elementor-widget-image\" data-id=\"2b63b32\" data-element_type=\"widget\" data-widget_type=\"image.default\">\n\t\t\t\t<div class=\"elementor-widget-container\">\n\t\t\t\t\t\t\t\t\t\t\t\t\t\t\t\t<a href=\"https:\/\/sp2aug.pl\/wp-content\/uploads\/2023\/05\/1-3.jpg\" data-elementor-open-lightbox=\"yes\" data-elementor-lightbox-title=\"1\" data-e-action-hash=\"#elementor-action%3Aaction%3Dlightbox%26settings%3DeyJpZCI6MTUzOTQsInVybCI6Imh0dHBzOlwvXC9zcDJhdWcucGxcL3dwLWNvbnRlbnRcL3VwbG9hZHNcLzIwMjNcLzA1XC8xLTMuanBnIn0%3D\">\n\t\t\t\t\t\t\t<img decoding=\"async\" width=\"150\" height=\"150\" src=\"https:\/\/sp2aug.pl\/wp-content\/uploads\/2023\/05\/1-3-150x150.jpg\" class=\"attachment-thumbnail size-thumbnail wp-image-15394\" alt=\"\" srcset=\"https:\/\/sp2aug.pl\/wp-content\/uploads\/2023\/05\/1-3-150x150.jpg 150w, https:\/\/sp2aug.pl\/wp-content\/uploads\/2023\/05\/1-3-300x300.jpg 300w\" sizes=\"(max-width: 150px) 100vw, 150px\" \/>\t\t\t\t\t\t\t\t<\/a>\n\t\t\t\t\t\t\t\t\t\t\t\t\t\t\t<\/div>\n\t\t\t\t<\/div>\n\t\t\t\t\t<\/div>\n\t\t<\/div>\n\t\t\t\t<div class=\"elementor-column elementor-col-50 elementor-top-column elementor-element elementor-element-85cb5a9\" data-id=\"85cb5a9\" data-element_type=\"column\">\n\t\t\t<div class=\"elementor-widget-wrap elementor-element-populated\">\n\t\t\t\t\t\t<div class=\"elementor-element elementor-element-e0a524e elementor-widget elementor-widget-image\" data-id=\"e0a524e\" data-element_type=\"widget\" data-widget_type=\"image.default\">\n\t\t\t\t<div class=\"elementor-widget-container\">\n\t\t\t\t\t\t\t\t\t\t\t\t\t\t\t\t<a href=\"https:\/\/sp2aug.pl\/wp-content\/uploads\/2023\/05\/2-3.jpg\" data-elementor-open-lightbox=\"yes\" data-elementor-lightbox-title=\"2\" data-e-action-hash=\"#elementor-action%3Aaction%3Dlightbox%26settings%3DeyJpZCI6MTUzOTUsInVybCI6Imh0dHBzOlwvXC9zcDJhdWcucGxcL3dwLWNvbnRlbnRcL3VwbG9hZHNcLzIwMjNcLzA1XC8yLTMuanBnIn0%3D\">\n\t\t\t\t\t\t\t<img decoding=\"async\" width=\"300\" height=\"147\" src=\"https:\/\/sp2aug.pl\/wp-content\/uploads\/2023\/05\/2-3-300x147.jpg\" class=\"attachment-medium size-medium wp-image-15395\" alt=\"\" srcset=\"https:\/\/sp2aug.pl\/wp-content\/uploads\/2023\/05\/2-3-300x147.jpg 300w, https:\/\/sp2aug.pl\/wp-content\/uploads\/2023\/05\/2-3-768x377.jpg 768w, https:\/\/sp2aug.pl\/wp-content\/uploads\/2023\/05\/2-3.jpg 985w\" sizes=\"(max-width: 300px) 100vw, 300px\" \/>\t\t\t\t\t\t\t\t<\/a>\n\t\t\t\t\t\t\t\t\t\t\t\t\t\t\t<\/div>\n\t\t\t\t<\/div>\n\t\t\t\t\t<\/div>\n\t\t<\/div>\n\t\t\t\t\t<\/div>\n\t\t<\/section>\n\t\t\t\t<\/div>\n\t\t","protected":false},"excerpt":{"rendered":"<p>Og\u00f3lnopolski Dzie\u0144 Konia przypada na 30 kwietnia. Z okazji tego \u015bwi\u0119ta w bibliotece szkolnej go\u015bcili\u015bmy psychoterapeutk\u0119 Berenik\u0119 Or\u0142owsk\u0105 i klas\u0119 VIIIa.\u00a0Pani Berenika mieszka w Oklinach. Ca\u0142e swoje \u017cycie sp\u0119dzi\u0142a z ko\u0144mi. W pracy psychoterapeuty pomaga stado koni. Obecnie w o\u015brodku mieszka \u00a010 koni. \u017byj\u0105 one swobodnie, blisko natury. Warunki ich \u017cycia \u00a0zbli\u017cone do naturalnych oraz&hellip;<\/p>\n","protected":false},"author":1,"featured_media":0,"comment_status":"closed","ping_status":"closed","sticky":false,"template":"","format":"standard","meta":{"footnotes":""},"categories":[4],"tags":[],"class_list":["post-15392","post","type-post","status-publish","format-standard","hentry","category-archiwalne"],"_links":{"self":[{"href":"https:\/\/sp2aug.pl\/index.php\/wp-json\/wp\/v2\/posts\/15392","targetHints":{"allow":["GET"]}}],"collection":[{"href":"https:\/\/sp2aug.pl\/index.php\/wp-json\/wp\/v2\/posts"}],"about":[{"href":"https:\/\/sp2aug.pl\/index.php\/wp-json\/wp\/v2\/types\/post"}],"author":[{"embeddable":true,"href":"https:\/\/sp2aug.pl\/index.php\/wp-json\/wp\/v2\/users\/1"}],"replies":[{"embeddable":true,"href":"https:\/\/sp2aug.pl\/index.php\/wp-json\/wp\/v2\/comments?post=15392"}],"version-history":[{"count":2,"href":"https:\/\/sp2aug.pl\/index.php\/wp-json\/wp\/v2\/posts\/15392\/revisions"}],"predecessor-version":[{"id":15397,"href":"https:\/\/sp2aug.pl\/index.php\/wp-json\/wp\/v2\/posts\/15392\/revisions\/15397"}],"wp:attachment":[{"href":"https:\/\/sp2aug.pl\/index.php\/wp-json\/wp\/v2\/media?parent=15392"}],"wp:term":[{"taxonomy":"category","embeddable":true,"href":"https:\/\/sp2aug.pl\/index.php\/wp-json\/wp\/v2\/categories?post=15392"},{"taxonomy":"post_tag","embeddable":true,"href":"https:\/\/sp2aug.pl\/index.php\/wp-json\/wp\/v2\/tags?post=15392"}],"curies":[{"name":"wp","href":"https:\/\/api.w.org\/{rel}","templated":true}]}}