{"id":15076,"date":"2023-04-06T07:18:32","date_gmt":"2023-04-06T05:18:32","guid":{"rendered":"https:\/\/sp2aug.pl\/?p=15076"},"modified":"2023-04-06T07:20:11","modified_gmt":"2023-04-06T05:20:11","slug":"z-najlepszymi-zyczeniami","status":"publish","type":"post","link":"https:\/\/sp2aug.pl\/index.php\/2023\/04\/06\/z-najlepszymi-zyczeniami\/","title":{"rendered":"Z najlepszymi \u017cyczeniami"},"content":{"rendered":"\t\t<div data-elementor-type=\"wp-post\" data-elementor-id=\"15076\" class=\"elementor elementor-15076\">\n\t\t\t\t\t\t<section class=\"elementor-section elementor-top-section elementor-element elementor-element-81045fd elementor-section-boxed elementor-section-height-default elementor-section-height-default\" data-id=\"81045fd\" data-element_type=\"section\">\n\t\t\t\t\t\t<div class=\"elementor-container elementor-column-gap-default\">\n\t\t\t\t\t<div class=\"elementor-column elementor-col-100 elementor-top-column elementor-element elementor-element-4513f43\" data-id=\"4513f43\" data-element_type=\"column\">\n\t\t\t<div class=\"elementor-widget-wrap elementor-element-populated\">\n\t\t\t\t\t\t<div class=\"elementor-element elementor-element-ddf33f8 elementor-widget elementor-widget-text-editor\" data-id=\"ddf33f8\" data-element_type=\"widget\" data-widget_type=\"text-editor.default\">\n\t\t\t\t<div class=\"elementor-widget-container\">\n\t\t\t\t\t\t\t\t\t<p>Na\u015bladuj\u0105c m\u0142odszych koleg\u00f3w i kole\u017canki, a tak\u017ce inspiruj\u0105c si\u0119 dzia\u0142alno\u015bci\u0105 Szkolnego<br>Ko\u0142a Caritas, postanowili\u015bmy przygotowa\u0107 wielkanocny koszyczek dla augustowskiego<br>hospicjum. Pod okiem pani Ewy w\u0142asnor\u0119cznie wykonali\u015bmy \u015bwi\u0105teczne prace. Mamy<br>nadziej\u0119, \u017ce kurki rozwesel\u0105 mieszka\u0144c\u00f3w hospicjum. A dzi\u0119ki pomocy naszych rodzic\u00f3w<br>mogli\u015bmy r\u00f3wnie\u017c obdarzy\u0107 ich s\u0142odko\u015bciami, kt\u00f3re s\u0105 przecie\u017c idealne na codzienn\u0105 chwilk\u0119 przyjemno\u015bci.<br>Z okazji \u015bwi\u0105t Wielkanocy \u017cyczymy wszystkim du\u017co zdrowia, rado\u015bci, u\u015bmiechu i<br>dobrych ludzi wok\u00f3\u0142.<br>Pami\u0119tajmy o potrzebuj\u0105cych nie tylko od \u015bwi\u0119ta.<\/p>\n<p>Uczniowie klasy 3 d<\/p>\t\t\t\t\t\t\t\t<\/div>\n\t\t\t\t<\/div>\n\t\t\t\t\t<\/div>\n\t\t<\/div>\n\t\t\t\t\t<\/div>\n\t\t<\/section>\n\t\t\t\t<section class=\"elementor-section elementor-top-section elementor-element elementor-element-3492405 elementor-section-boxed elementor-section-height-default elementor-section-height-default\" data-id=\"3492405\" data-element_type=\"section\">\n\t\t\t\t\t\t<div class=\"elementor-container elementor-column-gap-default\">\n\t\t\t\t\t<div class=\"elementor-column elementor-col-50 elementor-top-column elementor-element elementor-element-42e09aa\" data-id=\"42e09aa\" data-element_type=\"column\">\n\t\t\t<div class=\"elementor-widget-wrap elementor-element-populated\">\n\t\t\t\t\t\t<div class=\"elementor-element elementor-element-58a0983 elementor-widget elementor-widget-image\" data-id=\"58a0983\" data-element_type=\"widget\" data-widget_type=\"image.default\">\n\t\t\t\t<div class=\"elementor-widget-container\">\n\t\t\t\t\t\t\t\t\t\t\t\t\t\t\t\t<a href=\"https:\/\/sp2aug.pl\/wp-content\/uploads\/2023\/04\/2-3.jpg\" data-elementor-open-lightbox=\"yes\" data-elementor-lightbox-title=\"2\" data-e-action-hash=\"#elementor-action%3Aaction%3Dlightbox%26settings%3DeyJpZCI6MTUwNzgsInVybCI6Imh0dHBzOlwvXC9zcDJhdWcucGxcL3dwLWNvbnRlbnRcL3VwbG9hZHNcLzIwMjNcLzA0XC8yLTMuanBnIn0%3D\">\n\t\t\t\t\t\t\t<img fetchpriority=\"high\" decoding=\"async\" width=\"800\" height=\"600\" src=\"https:\/\/sp2aug.pl\/wp-content\/uploads\/2023\/04\/2-3.jpg\" class=\"attachment-large size-large wp-image-15078\" alt=\"\" srcset=\"https:\/\/sp2aug.pl\/wp-content\/uploads\/2023\/04\/2-3.jpg 800w, https:\/\/sp2aug.pl\/wp-content\/uploads\/2023\/04\/2-3-300x225.jpg 300w, https:\/\/sp2aug.pl\/wp-content\/uploads\/2023\/04\/2-3-768x576.jpg 768w, https:\/\/sp2aug.pl\/wp-content\/uploads\/2023\/04\/2-3-160x120.jpg 160w\" sizes=\"(max-width: 800px) 100vw, 800px\" \/>\t\t\t\t\t\t\t\t<\/a>\n\t\t\t\t\t\t\t\t\t\t\t\t\t\t\t<\/div>\n\t\t\t\t<\/div>\n\t\t\t\t\t<\/div>\n\t\t<\/div>\n\t\t\t\t<div class=\"elementor-column elementor-col-50 elementor-top-column elementor-element elementor-element-ec6b904\" data-id=\"ec6b904\" data-element_type=\"column\">\n\t\t\t<div class=\"elementor-widget-wrap elementor-element-populated\">\n\t\t\t\t\t\t<div class=\"elementor-element elementor-element-0b312f1 elementor-widget elementor-widget-image\" data-id=\"0b312f1\" data-element_type=\"widget\" data-widget_type=\"image.default\">\n\t\t\t\t<div class=\"elementor-widget-container\">\n\t\t\t\t\t\t\t\t\t\t\t\t\t\t\t\t<a href=\"https:\/\/sp2aug.pl\/wp-content\/uploads\/2023\/04\/1-3.jpg\" data-elementor-open-lightbox=\"yes\" data-elementor-lightbox-title=\"1\" data-e-action-hash=\"#elementor-action%3Aaction%3Dlightbox%26settings%3DeyJpZCI6MTUwNzcsInVybCI6Imh0dHBzOlwvXC9zcDJhdWcucGxcL3dwLWNvbnRlbnRcL3VwbG9hZHNcLzIwMjNcLzA0XC8xLTMuanBnIn0%3D\">\n\t\t\t\t\t\t\t<img decoding=\"async\" width=\"800\" height=\"600\" src=\"https:\/\/sp2aug.pl\/wp-content\/uploads\/2023\/04\/1-3.jpg\" class=\"attachment-large size-large wp-image-15077\" alt=\"\" srcset=\"https:\/\/sp2aug.pl\/wp-content\/uploads\/2023\/04\/1-3.jpg 800w, https:\/\/sp2aug.pl\/wp-content\/uploads\/2023\/04\/1-3-300x225.jpg 300w, https:\/\/sp2aug.pl\/wp-content\/uploads\/2023\/04\/1-3-768x576.jpg 768w, https:\/\/sp2aug.pl\/wp-content\/uploads\/2023\/04\/1-3-160x120.jpg 160w\" sizes=\"(max-width: 800px) 100vw, 800px\" \/>\t\t\t\t\t\t\t\t<\/a>\n\t\t\t\t\t\t\t\t\t\t\t\t\t\t\t<\/div>\n\t\t\t\t<\/div>\n\t\t\t\t\t<\/div>\n\t\t<\/div>\n\t\t\t\t\t<\/div>\n\t\t<\/section>\n\t\t\t\t<\/div>\n\t\t","protected":false},"excerpt":{"rendered":"<p>Na\u015bladuj\u0105c m\u0142odszych koleg\u00f3w i kole\u017canki, a tak\u017ce inspiruj\u0105c si\u0119 dzia\u0142alno\u015bci\u0105 SzkolnegoKo\u0142a Caritas, postanowili\u015bmy przygotowa\u0107 wielkanocny koszyczek dla augustowskiegohospicjum. Pod okiem pani Ewy w\u0142asnor\u0119cznie wykonali\u015bmy \u015bwi\u0105teczne prace. Mamynadziej\u0119, \u017ce kurki rozwesel\u0105 mieszka\u0144c\u00f3w hospicjum. A dzi\u0119ki pomocy naszych rodzic\u00f3wmogli\u015bmy r\u00f3wnie\u017c obdarzy\u0107 ich s\u0142odko\u015bciami, kt\u00f3re s\u0105 przecie\u017c idealne na codzienn\u0105 chwilk\u0119 przyjemno\u015bci.Z okazji \u015bwi\u0105t Wielkanocy \u017cyczymy wszystkim du\u017co&hellip;<\/p>\n","protected":false},"author":1,"featured_media":0,"comment_status":"closed","ping_status":"closed","sticky":false,"template":"","format":"standard","meta":{"footnotes":""},"categories":[4],"tags":[],"class_list":["post-15076","post","type-post","status-publish","format-standard","hentry","category-archiwalne"],"_links":{"self":[{"href":"https:\/\/sp2aug.pl\/index.php\/wp-json\/wp\/v2\/posts\/15076","targetHints":{"allow":["GET"]}}],"collection":[{"href":"https:\/\/sp2aug.pl\/index.php\/wp-json\/wp\/v2\/posts"}],"about":[{"href":"https:\/\/sp2aug.pl\/index.php\/wp-json\/wp\/v2\/types\/post"}],"author":[{"embeddable":true,"href":"https:\/\/sp2aug.pl\/index.php\/wp-json\/wp\/v2\/users\/1"}],"replies":[{"embeddable":true,"href":"https:\/\/sp2aug.pl\/index.php\/wp-json\/wp\/v2\/comments?post=15076"}],"version-history":[{"count":2,"href":"https:\/\/sp2aug.pl\/index.php\/wp-json\/wp\/v2\/posts\/15076\/revisions"}],"predecessor-version":[{"id":15080,"href":"https:\/\/sp2aug.pl\/index.php\/wp-json\/wp\/v2\/posts\/15076\/revisions\/15080"}],"wp:attachment":[{"href":"https:\/\/sp2aug.pl\/index.php\/wp-json\/wp\/v2\/media?parent=15076"}],"wp:term":[{"taxonomy":"category","embeddable":true,"href":"https:\/\/sp2aug.pl\/index.php\/wp-json\/wp\/v2\/categories?post=15076"},{"taxonomy":"post_tag","embeddable":true,"href":"https:\/\/sp2aug.pl\/index.php\/wp-json\/wp\/v2\/tags?post=15076"}],"curies":[{"name":"wp","href":"https:\/\/api.w.org\/{rel}","templated":true}]}}