{"id":14883,"date":"2023-03-27T17:46:20","date_gmt":"2023-03-27T15:46:20","guid":{"rendered":"http:\/\/sp2aug.pl\/?p=14883"},"modified":"2023-03-27T17:47:56","modified_gmt":"2023-03-27T15:47:56","slug":"do-klasy-iii-a-tez-zajrzala-wiosna","status":"publish","type":"post","link":"https:\/\/sp2aug.pl\/index.php\/2023\/03\/27\/do-klasy-iii-a-tez-zajrzala-wiosna\/","title":{"rendered":"Do klasy III A te\u017c zajrza\u0142a wiosna&#8230;.."},"content":{"rendered":"\t\t<div data-elementor-type=\"wp-post\" data-elementor-id=\"14883\" class=\"elementor elementor-14883\">\n\t\t\t\t\t\t<section class=\"elementor-section elementor-top-section elementor-element elementor-element-22a255e elementor-section-boxed elementor-section-height-default elementor-section-height-default\" data-id=\"22a255e\" data-element_type=\"section\">\n\t\t\t\t\t\t<div class=\"elementor-container elementor-column-gap-default\">\n\t\t\t\t\t<div class=\"elementor-column elementor-col-100 elementor-top-column elementor-element elementor-element-01d312d\" data-id=\"01d312d\" data-element_type=\"column\">\n\t\t\t<div class=\"elementor-widget-wrap elementor-element-populated\">\n\t\t\t\t\t\t<div class=\"elementor-element elementor-element-ee4baa6 elementor-widget elementor-widget-text-editor\" data-id=\"ee4baa6\" data-element_type=\"widget\" data-widget_type=\"text-editor.default\">\n\t\t\t\t<div class=\"elementor-widget-container\">\n\t\t\t\t\t\t\t\t\t<p>Od samego rana , pi\u0119knie ubrani w wiosenne stroje uczniowie<br \/>mieli pe\u0142ne r\u0119ce roboty&#8230;Zacz\u0119\u0142o si\u0119 od lekcji informatyki , na<br \/>kt\u00f3rej wykonali ciekawe projekty, dotycz\u0105ce tej radosnej pory<br \/>roku. Nast\u0119pnie wzi\u0119li udzia\u0142 w quizie przyrodniczym, gdzie<br \/>wykazali si\u0119 ogromn\u0105 wiedz\u0105 na temat zmian zachodz\u0105cych w<br \/>przyrodzie oraz \u015bwiecie ro\u015blin i zwierz\u0105t. Dru\u017cyna w sk\u0142adzie :<br \/>Piotr Sadowski, Krystian Syperowicz, Filip Sawa, Mi\u0142osz Kuzio,<br \/>Dominik Naglik oraz Piotr Klat okaza\u0142a si\u0119 najlepsza,<br \/>zachwyci\u0142a poziomem swoich wiadomo\u015bci i umiej\u0119tno\u015bci.<br \/>Wszyscy uczniowie otrzymali pami\u0105tkowe dyplomy. Na koniec<br \/>dnia , przy d\u017awi\u0119kach piosenki \u201e Wiosna w ogr\u00f3dku\u201d<br \/>wykonali\u015bmy wiosenne kwiaty, kt\u00f3rymi udekorowali\u015bmy nasz\u0105<br \/>sal\u0119 i korytarz szkolny.<\/p><p>Renata Chmielewska<\/p><p>Emilia Sobecka<\/p>\t\t\t\t\t\t\t\t<\/div>\n\t\t\t\t<\/div>\n\t\t\t\t\t<\/div>\n\t\t<\/div>\n\t\t\t\t\t<\/div>\n\t\t<\/section>\n\t\t\t\t<section class=\"elementor-section elementor-top-section elementor-element elementor-element-73f4922 elementor-section-boxed elementor-section-height-default elementor-section-height-default\" data-id=\"73f4922\" data-element_type=\"section\">\n\t\t\t\t\t\t<div class=\"elementor-container elementor-column-gap-default\">\n\t\t\t\t\t<div class=\"elementor-column elementor-col-50 elementor-top-column elementor-element elementor-element-3b64978\" data-id=\"3b64978\" data-element_type=\"column\">\n\t\t\t<div class=\"elementor-widget-wrap elementor-element-populated\">\n\t\t\t\t\t\t<div class=\"elementor-element elementor-element-a623616 elementor-widget elementor-widget-image\" data-id=\"a623616\" data-element_type=\"widget\" data-widget_type=\"image.default\">\n\t\t\t\t<div class=\"elementor-widget-container\">\n\t\t\t\t\t\t\t\t\t\t\t\t\t\t\t\t<a href=\"https:\/\/sp2aug.pl\/wp-content\/uploads\/2023\/03\/w2.jpg\" data-elementor-open-lightbox=\"yes\" data-elementor-lightbox-title=\"w2\" data-e-action-hash=\"#elementor-action%3Aaction%3Dlightbox%26settings%3DeyJpZCI6MTQ4ODYsInVybCI6Imh0dHBzOlwvXC9zcDJhdWcucGxcL3dwLWNvbnRlbnRcL3VwbG9hZHNcLzIwMjNcLzAzXC93Mi5qcGcifQ%3D%3D\">\n\t\t\t\t\t\t\t<img fetchpriority=\"high\" decoding=\"async\" width=\"694\" height=\"521\" src=\"https:\/\/sp2aug.pl\/wp-content\/uploads\/2023\/03\/w2.jpg\" class=\"attachment-large size-large wp-image-14886\" alt=\"\" srcset=\"https:\/\/sp2aug.pl\/wp-content\/uploads\/2023\/03\/w2.jpg 694w, https:\/\/sp2aug.pl\/wp-content\/uploads\/2023\/03\/w2-300x225.jpg 300w, https:\/\/sp2aug.pl\/wp-content\/uploads\/2023\/03\/w2-160x120.jpg 160w\" sizes=\"(max-width: 694px) 100vw, 694px\" \/>\t\t\t\t\t\t\t\t<\/a>\n\t\t\t\t\t\t\t\t\t\t\t\t\t\t\t<\/div>\n\t\t\t\t<\/div>\n\t\t\t\t\t<\/div>\n\t\t<\/div>\n\t\t\t\t<div class=\"elementor-column elementor-col-50 elementor-top-column elementor-element elementor-element-bab51b8\" data-id=\"bab51b8\" data-element_type=\"column\">\n\t\t\t<div class=\"elementor-widget-wrap elementor-element-populated\">\n\t\t\t\t\t\t<div class=\"elementor-element elementor-element-a7a03e2 elementor-widget elementor-widget-image\" data-id=\"a7a03e2\" data-element_type=\"widget\" data-widget_type=\"image.default\">\n\t\t\t\t<div class=\"elementor-widget-container\">\n\t\t\t\t\t\t\t\t\t\t\t\t\t\t\t\t<a href=\"https:\/\/sp2aug.pl\/wp-content\/uploads\/2023\/03\/w1.jpg\" data-elementor-open-lightbox=\"yes\" data-elementor-lightbox-title=\"w1\" data-e-action-hash=\"#elementor-action%3Aaction%3Dlightbox%26settings%3DeyJpZCI6MTQ4ODUsInVybCI6Imh0dHBzOlwvXC9zcDJhdWcucGxcL3dwLWNvbnRlbnRcL3VwbG9hZHNcLzIwMjNcLzAzXC93MS5qcGcifQ%3D%3D\">\n\t\t\t\t\t\t\t<img decoding=\"async\" width=\"694\" height=\"521\" src=\"https:\/\/sp2aug.pl\/wp-content\/uploads\/2023\/03\/w1.jpg\" class=\"attachment-large size-large wp-image-14885\" alt=\"\" srcset=\"https:\/\/sp2aug.pl\/wp-content\/uploads\/2023\/03\/w1.jpg 694w, https:\/\/sp2aug.pl\/wp-content\/uploads\/2023\/03\/w1-300x225.jpg 300w, https:\/\/sp2aug.pl\/wp-content\/uploads\/2023\/03\/w1-160x120.jpg 160w\" sizes=\"(max-width: 694px) 100vw, 694px\" \/>\t\t\t\t\t\t\t\t<\/a>\n\t\t\t\t\t\t\t\t\t\t\t\t\t\t\t<\/div>\n\t\t\t\t<\/div>\n\t\t\t\t\t<\/div>\n\t\t<\/div>\n\t\t\t\t\t<\/div>\n\t\t<\/section>\n\t\t\t\t<\/div>\n\t\t","protected":false},"excerpt":{"rendered":"<p>Od samego rana , pi\u0119knie ubrani w wiosenne stroje uczniowiemieli pe\u0142ne r\u0119ce roboty&#8230;Zacz\u0119\u0142o si\u0119 od lekcji informatyki , nakt\u00f3rej wykonali ciekawe projekty, dotycz\u0105ce tej radosnej poryroku. Nast\u0119pnie wzi\u0119li udzia\u0142 w quizie przyrodniczym, gdziewykazali si\u0119 ogromn\u0105 wiedz\u0105 na temat zmian zachodz\u0105cych wprzyrodzie oraz \u015bwiecie ro\u015blin i zwierz\u0105t. Dru\u017cyna w sk\u0142adzie :Piotr Sadowski, Krystian Syperowicz, Filip Sawa,&hellip;<\/p>\n","protected":false},"author":1,"featured_media":0,"comment_status":"closed","ping_status":"closed","sticky":false,"template":"","format":"standard","meta":{"footnotes":""},"categories":[4],"tags":[],"class_list":["post-14883","post","type-post","status-publish","format-standard","hentry","category-archiwalne"],"_links":{"self":[{"href":"https:\/\/sp2aug.pl\/index.php\/wp-json\/wp\/v2\/posts\/14883","targetHints":{"allow":["GET"]}}],"collection":[{"href":"https:\/\/sp2aug.pl\/index.php\/wp-json\/wp\/v2\/posts"}],"about":[{"href":"https:\/\/sp2aug.pl\/index.php\/wp-json\/wp\/v2\/types\/post"}],"author":[{"embeddable":true,"href":"https:\/\/sp2aug.pl\/index.php\/wp-json\/wp\/v2\/users\/1"}],"replies":[{"embeddable":true,"href":"https:\/\/sp2aug.pl\/index.php\/wp-json\/wp\/v2\/comments?post=14883"}],"version-history":[{"count":2,"href":"https:\/\/sp2aug.pl\/index.php\/wp-json\/wp\/v2\/posts\/14883\/revisions"}],"predecessor-version":[{"id":14888,"href":"https:\/\/sp2aug.pl\/index.php\/wp-json\/wp\/v2\/posts\/14883\/revisions\/14888"}],"wp:attachment":[{"href":"https:\/\/sp2aug.pl\/index.php\/wp-json\/wp\/v2\/media?parent=14883"}],"wp:term":[{"taxonomy":"category","embeddable":true,"href":"https:\/\/sp2aug.pl\/index.php\/wp-json\/wp\/v2\/categories?post=14883"},{"taxonomy":"post_tag","embeddable":true,"href":"https:\/\/sp2aug.pl\/index.php\/wp-json\/wp\/v2\/tags?post=14883"}],"curies":[{"name":"wp","href":"https:\/\/api.w.org\/{rel}","templated":true}]}}