{"id":14585,"date":"2023-03-06T19:17:50","date_gmt":"2023-03-06T18:17:50","guid":{"rendered":"http:\/\/sp2aug.pl\/?p=14585"},"modified":"2023-03-06T19:19:39","modified_gmt":"2023-03-06T18:19:39","slug":"narodowy-dzien-pamieci-zolnierzy-wykletych-2","status":"publish","type":"post","link":"https:\/\/sp2aug.pl\/index.php\/2023\/03\/06\/narodowy-dzien-pamieci-zolnierzy-wykletych-2\/","title":{"rendered":"Narodowy Dzie\u0144 Pami\u0119ci \u017bo\u0142nierzy Wykl\u0119tych"},"content":{"rendered":"\t\t<div data-elementor-type=\"wp-post\" data-elementor-id=\"14585\" class=\"elementor elementor-14585\">\n\t\t\t\t\t\t<section class=\"elementor-section elementor-top-section elementor-element elementor-element-af91bc3 elementor-section-boxed elementor-section-height-default elementor-section-height-default\" data-id=\"af91bc3\" data-element_type=\"section\">\n\t\t\t\t\t\t<div class=\"elementor-container elementor-column-gap-default\">\n\t\t\t\t\t<div class=\"elementor-column elementor-col-100 elementor-top-column elementor-element elementor-element-998bafc\" data-id=\"998bafc\" data-element_type=\"column\">\n\t\t\t<div class=\"elementor-widget-wrap elementor-element-populated\">\n\t\t\t\t\t\t<div class=\"elementor-element elementor-element-be9b38a elementor-widget elementor-widget-text-editor\" data-id=\"be9b38a\" data-element_type=\"widget\" data-widget_type=\"text-editor.default\">\n\t\t\t\t<div class=\"elementor-widget-container\">\n\t\t\t\t\t\t\t\t\t<p>W niedziel\u0119, 5 marca 2023 r. poczet sztandarowy naszej szko\u0142y uczestniczy\u0142 w<br \/>obchodach Narodowego Dnia Pami\u0119ci \u017bo\u0142nierzy Wykl\u0119tych. Uczniowie klas \u00f3smych godnie<br \/>reprezentowali nasz\u0105 spo\u0142eczno\u015b\u0107. Pami\u0119tamy o \u017bo\u0142nierzach Polski Podziemnej, kt\u00f3ra<br \/>walczy\u0142a na Kresach II Rzeczypospolitej w czasie II wojny \u015bwiatowej i kilka lat po jej<br \/>zako\u0144czeniu (1944 \u2013 1954). Oddali\u015bmy ho\u0142d tym, kt\u00f3rzy wytrwali do ko\u0144ca na straconych<br \/>posterunkach. Pami\u0119tamy o \u017co\u0142nierzach, Sybirakach jak r\u00f3wnie\u017c wielu bezimiennych<br \/>bohaterach, kt\u00f3rzy pomagali im lub walczyli za woln\u0105 Ojczyzn\u0119 \u2013 Polsk\u0119.<\/p><p>Art., zdj.: Danuta J.Gregorowicz<\/p>\t\t\t\t\t\t\t\t<\/div>\n\t\t\t\t<\/div>\n\t\t\t\t\t<\/div>\n\t\t<\/div>\n\t\t\t\t\t<\/div>\n\t\t<\/section>\n\t\t\t\t<section class=\"elementor-section elementor-top-section elementor-element elementor-element-7ea4314 elementor-section-boxed elementor-section-height-default elementor-section-height-default\" data-id=\"7ea4314\" data-element_type=\"section\">\n\t\t\t\t\t\t<div class=\"elementor-container elementor-column-gap-default\">\n\t\t\t\t\t<div class=\"elementor-column elementor-col-100 elementor-top-column elementor-element elementor-element-bf4f3c8\" data-id=\"bf4f3c8\" data-element_type=\"column\">\n\t\t\t<div class=\"elementor-widget-wrap elementor-element-populated\">\n\t\t\t\t\t\t<div class=\"elementor-element elementor-element-9bb8e14 elementor-arrows-position-inside elementor-pagination-position-outside elementor-widget elementor-widget-image-carousel\" data-id=\"9bb8e14\" data-element_type=\"widget\" data-settings=\"{&quot;navigation&quot;:&quot;both&quot;,&quot;autoplay&quot;:&quot;yes&quot;,&quot;pause_on_hover&quot;:&quot;yes&quot;,&quot;pause_on_interaction&quot;:&quot;yes&quot;,&quot;autoplay_speed&quot;:5000,&quot;infinite&quot;:&quot;yes&quot;,&quot;speed&quot;:500}\" data-widget_type=\"image-carousel.default\">\n\t\t\t\t<div class=\"elementor-widget-container\">\n\t\t\t\t\t\t\t<div class=\"elementor-image-carousel-wrapper swiper\" role=\"region\" aria-roledescription=\"carousel\" aria-label=\"Karuzela obrazk\u00f3w\" dir=\"ltr\">\n\t\t\t<div class=\"elementor-image-carousel swiper-wrapper\" aria-live=\"off\">\n\t\t\t\t\t\t\t\t<div class=\"swiper-slide\" role=\"group\" aria-roledescription=\"slide\" aria-label=\"1 z 5\"><a data-elementor-open-lightbox=\"yes\" data-elementor-lightbox-slideshow=\"9bb8e14\" data-elementor-lightbox-title=\"1\" data-e-action-hash=\"#elementor-action%3Aaction%3Dlightbox%26settings%3DeyJpZCI6MTQ1ODYsInVybCI6Imh0dHBzOlwvXC9zcDJhdWcucGxcL3dwLWNvbnRlbnRcL3VwbG9hZHNcLzIwMjNcLzAzXC8xLTMuanBnIiwic2xpZGVzaG93IjoiOWJiOGUxNCJ9\" href=\"https:\/\/sp2aug.pl\/wp-content\/uploads\/2023\/03\/1-3.jpg\"><figure class=\"swiper-slide-inner\"><img decoding=\"async\" class=\"swiper-slide-image\" src=\"https:\/\/sp2aug.pl\/wp-content\/uploads\/2023\/03\/1-3-150x150.jpg\" alt=\"1\" \/><\/figure><\/a><\/div><div class=\"swiper-slide\" role=\"group\" aria-roledescription=\"slide\" aria-label=\"2 z 5\"><a data-elementor-open-lightbox=\"yes\" data-elementor-lightbox-slideshow=\"9bb8e14\" data-elementor-lightbox-title=\"2\" data-e-action-hash=\"#elementor-action%3Aaction%3Dlightbox%26settings%3DeyJpZCI6MTQ1ODcsInVybCI6Imh0dHBzOlwvXC9zcDJhdWcucGxcL3dwLWNvbnRlbnRcL3VwbG9hZHNcLzIwMjNcLzAzXC8yLTMuanBnIiwic2xpZGVzaG93IjoiOWJiOGUxNCJ9\" href=\"https:\/\/sp2aug.pl\/wp-content\/uploads\/2023\/03\/2-3.jpg\"><figure class=\"swiper-slide-inner\"><img decoding=\"async\" class=\"swiper-slide-image\" src=\"https:\/\/sp2aug.pl\/wp-content\/uploads\/2023\/03\/2-3-150x150.jpg\" alt=\"2\" \/><\/figure><\/a><\/div><div class=\"swiper-slide\" role=\"group\" aria-roledescription=\"slide\" aria-label=\"3 z 5\"><a data-elementor-open-lightbox=\"yes\" data-elementor-lightbox-slideshow=\"9bb8e14\" data-elementor-lightbox-title=\"3\" data-e-action-hash=\"#elementor-action%3Aaction%3Dlightbox%26settings%3DeyJpZCI6MTQ1ODgsInVybCI6Imh0dHBzOlwvXC9zcDJhdWcucGxcL3dwLWNvbnRlbnRcL3VwbG9hZHNcLzIwMjNcLzAzXC8zLTMuanBnIiwic2xpZGVzaG93IjoiOWJiOGUxNCJ9\" href=\"https:\/\/sp2aug.pl\/wp-content\/uploads\/2023\/03\/3-3.jpg\"><figure class=\"swiper-slide-inner\"><img decoding=\"async\" class=\"swiper-slide-image\" src=\"https:\/\/sp2aug.pl\/wp-content\/uploads\/2023\/03\/3-3-150x150.jpg\" alt=\"3\" \/><\/figure><\/a><\/div><div class=\"swiper-slide\" role=\"group\" aria-roledescription=\"slide\" aria-label=\"4 z 5\"><a data-elementor-open-lightbox=\"yes\" data-elementor-lightbox-slideshow=\"9bb8e14\" data-elementor-lightbox-title=\"4\" data-e-action-hash=\"#elementor-action%3Aaction%3Dlightbox%26settings%3DeyJpZCI6MTQ1ODksInVybCI6Imh0dHBzOlwvXC9zcDJhdWcucGxcL3dwLWNvbnRlbnRcL3VwbG9hZHNcLzIwMjNcLzAzXC80LTMuanBnIiwic2xpZGVzaG93IjoiOWJiOGUxNCJ9\" href=\"https:\/\/sp2aug.pl\/wp-content\/uploads\/2023\/03\/4-3.jpg\"><figure class=\"swiper-slide-inner\"><img decoding=\"async\" class=\"swiper-slide-image\" src=\"https:\/\/sp2aug.pl\/wp-content\/uploads\/2023\/03\/4-3-150x150.jpg\" alt=\"4\" \/><\/figure><\/a><\/div><div class=\"swiper-slide\" role=\"group\" aria-roledescription=\"slide\" aria-label=\"5 z 5\"><a data-elementor-open-lightbox=\"yes\" data-elementor-lightbox-slideshow=\"9bb8e14\" data-elementor-lightbox-title=\"5\" data-e-action-hash=\"#elementor-action%3Aaction%3Dlightbox%26settings%3DeyJpZCI6MTQ1OTAsInVybCI6Imh0dHBzOlwvXC9zcDJhdWcucGxcL3dwLWNvbnRlbnRcL3VwbG9hZHNcLzIwMjNcLzAzXC81LTMuanBnIiwic2xpZGVzaG93IjoiOWJiOGUxNCJ9\" href=\"https:\/\/sp2aug.pl\/wp-content\/uploads\/2023\/03\/5-3.jpg\"><figure class=\"swiper-slide-inner\"><img decoding=\"async\" class=\"swiper-slide-image\" src=\"https:\/\/sp2aug.pl\/wp-content\/uploads\/2023\/03\/5-3-150x150.jpg\" alt=\"5\" \/><\/figure><\/a><\/div>\t\t\t<\/div>\n\t\t\t\t\t\t\t\t\t\t\t\t<div class=\"elementor-swiper-button elementor-swiper-button-prev\" role=\"button\" tabindex=\"0\">\n\t\t\t\t\t\t<i aria-hidden=\"true\" class=\"eicon-chevron-left\"><\/i>\t\t\t\t\t<\/div>\n\t\t\t\t\t<div class=\"elementor-swiper-button elementor-swiper-button-next\" role=\"button\" tabindex=\"0\">\n\t\t\t\t\t\t<i aria-hidden=\"true\" class=\"eicon-chevron-right\"><\/i>\t\t\t\t\t<\/div>\n\t\t\t\t\n\t\t\t\t\t\t\t\t\t<div class=\"swiper-pagination\"><\/div>\n\t\t\t\t\t\t\t\t\t<\/div>\n\t\t\t\t\t\t<\/div>\n\t\t\t\t<\/div>\n\t\t\t\t\t<\/div>\n\t\t<\/div>\n\t\t\t\t\t<\/div>\n\t\t<\/section>\n\t\t\t\t<\/div>\n\t\t","protected":false},"excerpt":{"rendered":"<p>W niedziel\u0119, 5 marca 2023 r. poczet sztandarowy naszej szko\u0142y uczestniczy\u0142 wobchodach Narodowego Dnia Pami\u0119ci \u017bo\u0142nierzy Wykl\u0119tych. Uczniowie klas \u00f3smych godniereprezentowali nasz\u0105 spo\u0142eczno\u015b\u0107. Pami\u0119tamy o \u017bo\u0142nierzach Polski Podziemnej, kt\u00f3rawalczy\u0142a na Kresach II Rzeczypospolitej w czasie II wojny \u015bwiatowej i kilka lat po jejzako\u0144czeniu (1944 \u2013 1954). Oddali\u015bmy ho\u0142d tym, kt\u00f3rzy wytrwali do ko\u0144ca na straconychposterunkach.&hellip;<\/p>\n","protected":false},"author":1,"featured_media":0,"comment_status":"closed","ping_status":"closed","sticky":false,"template":"","format":"standard","meta":{"footnotes":""},"categories":[4],"tags":[],"class_list":["post-14585","post","type-post","status-publish","format-standard","hentry","category-archiwalne"],"_links":{"self":[{"href":"https:\/\/sp2aug.pl\/index.php\/wp-json\/wp\/v2\/posts\/14585","targetHints":{"allow":["GET"]}}],"collection":[{"href":"https:\/\/sp2aug.pl\/index.php\/wp-json\/wp\/v2\/posts"}],"about":[{"href":"https:\/\/sp2aug.pl\/index.php\/wp-json\/wp\/v2\/types\/post"}],"author":[{"embeddable":true,"href":"https:\/\/sp2aug.pl\/index.php\/wp-json\/wp\/v2\/users\/1"}],"replies":[{"embeddable":true,"href":"https:\/\/sp2aug.pl\/index.php\/wp-json\/wp\/v2\/comments?post=14585"}],"version-history":[{"count":2,"href":"https:\/\/sp2aug.pl\/index.php\/wp-json\/wp\/v2\/posts\/14585\/revisions"}],"predecessor-version":[{"id":14592,"href":"https:\/\/sp2aug.pl\/index.php\/wp-json\/wp\/v2\/posts\/14585\/revisions\/14592"}],"wp:attachment":[{"href":"https:\/\/sp2aug.pl\/index.php\/wp-json\/wp\/v2\/media?parent=14585"}],"wp:term":[{"taxonomy":"category","embeddable":true,"href":"https:\/\/sp2aug.pl\/index.php\/wp-json\/wp\/v2\/categories?post=14585"},{"taxonomy":"post_tag","embeddable":true,"href":"https:\/\/sp2aug.pl\/index.php\/wp-json\/wp\/v2\/tags?post=14585"}],"curies":[{"name":"wp","href":"https:\/\/api.w.org\/{rel}","templated":true}]}}