{"id":14220,"date":"2023-01-23T07:30:33","date_gmt":"2023-01-23T06:30:33","guid":{"rendered":"http:\/\/sp2aug.pl\/?p=14220"},"modified":"2023-01-23T07:33:17","modified_gmt":"2023-01-23T06:33:17","slug":"powstanie-styczniowe","status":"publish","type":"post","link":"https:\/\/sp2aug.pl\/index.php\/2023\/01\/23\/powstanie-styczniowe\/","title":{"rendered":"Powstanie Styczniowe"},"content":{"rendered":"\t\t<div data-elementor-type=\"wp-post\" data-elementor-id=\"14220\" class=\"elementor elementor-14220\">\n\t\t\t\t\t\t<section class=\"elementor-section elementor-top-section elementor-element elementor-element-8b05362 elementor-section-boxed elementor-section-height-default elementor-section-height-default\" data-id=\"8b05362\" data-element_type=\"section\">\n\t\t\t\t\t\t<div class=\"elementor-container elementor-column-gap-default\">\n\t\t\t\t\t<div class=\"elementor-column elementor-col-100 elementor-top-column elementor-element elementor-element-99c4e58\" data-id=\"99c4e58\" data-element_type=\"column\">\n\t\t\t<div class=\"elementor-widget-wrap elementor-element-populated\">\n\t\t\t\t\t\t<div class=\"elementor-element elementor-element-df11e16 elementor-widget elementor-widget-text-editor\" data-id=\"df11e16\" data-element_type=\"widget\" data-widget_type=\"text-editor.default\">\n\t\t\t\t<div class=\"elementor-widget-container\">\n\t\t\t\t\t\t\t\t\t<p>Obchody 160. Rocznicy wybuchu Powstania Styczniowego<\/p><p>Dzi\u015b 22 stycznia 2023 r. z okazji obchod\u00f3w 160. rocznicy wybuchu Powstania<br \/>Styczniowego Dyrekcja, nauczyciele i uczniowie naszej szko\u0142y wraz z Pocztem<br \/>Sztandarowym wzi\u0119li udzia\u0142 w uroczystej Mszy \u015awi\u0119tej w Bazylice Mniejszej im.<br \/>Naj\u015bwi\u0119tszego Serca Jezusowego w Augustowie w intencji Ojczyzny i uczestnik\u00f3w<br \/>Powstania Styczniowego 1863r.<\/p><p>Stanis\u0142aw Szcz\u0119sny<\/p>\t\t\t\t\t\t\t\t<\/div>\n\t\t\t\t<\/div>\n\t\t\t\t\t<\/div>\n\t\t<\/div>\n\t\t\t\t\t<\/div>\n\t\t<\/section>\n\t\t\t\t<section class=\"elementor-section elementor-top-section elementor-element elementor-element-837bf76 elementor-section-boxed elementor-section-height-default elementor-section-height-default\" data-id=\"837bf76\" data-element_type=\"section\">\n\t\t\t\t\t\t<div class=\"elementor-container elementor-column-gap-default\">\n\t\t\t\t\t<div class=\"elementor-column elementor-col-100 elementor-top-column elementor-element elementor-element-127606a\" data-id=\"127606a\" data-element_type=\"column\">\n\t\t\t<div class=\"elementor-widget-wrap elementor-element-populated\">\n\t\t\t\t\t\t<div class=\"elementor-element elementor-element-c11c784 elementor-arrows-position-inside elementor-pagination-position-outside elementor-widget elementor-widget-image-carousel\" data-id=\"c11c784\" data-element_type=\"widget\" data-settings=\"{&quot;slides_to_show&quot;:&quot;2&quot;,&quot;navigation&quot;:&quot;both&quot;,&quot;autoplay&quot;:&quot;yes&quot;,&quot;pause_on_hover&quot;:&quot;yes&quot;,&quot;pause_on_interaction&quot;:&quot;yes&quot;,&quot;autoplay_speed&quot;:5000,&quot;infinite&quot;:&quot;yes&quot;,&quot;speed&quot;:500}\" data-widget_type=\"image-carousel.default\">\n\t\t\t\t<div class=\"elementor-widget-container\">\n\t\t\t\t\t\t\t<div class=\"elementor-image-carousel-wrapper swiper\" role=\"region\" aria-roledescription=\"carousel\" aria-label=\"Karuzela obrazk\u00f3w\" dir=\"ltr\">\n\t\t\t<div class=\"elementor-image-carousel swiper-wrapper\" aria-live=\"off\">\n\t\t\t\t\t\t\t\t<div class=\"swiper-slide\" role=\"group\" aria-roledescription=\"slide\" aria-label=\"1 z 2\"><a data-elementor-open-lightbox=\"yes\" data-elementor-lightbox-slideshow=\"c11c784\" data-elementor-lightbox-title=\"1\" data-e-action-hash=\"#elementor-action%3Aaction%3Dlightbox%26settings%3DeyJpZCI6MTQyMjEsInVybCI6Imh0dHBzOlwvXC9zcDJhdWcucGxcL3dwLWNvbnRlbnRcL3VwbG9hZHNcLzIwMjNcLzAxXC8xLTkuanBnIiwic2xpZGVzaG93IjoiYzExYzc4NCJ9\" href=\"https:\/\/sp2aug.pl\/wp-content\/uploads\/2023\/01\/1-9.jpg\"><figure class=\"swiper-slide-inner\"><img decoding=\"async\" class=\"swiper-slide-image\" src=\"https:\/\/sp2aug.pl\/wp-content\/uploads\/2023\/01\/1-9-150x150.jpg\" alt=\"1\" \/><\/figure><\/a><\/div><div class=\"swiper-slide\" role=\"group\" aria-roledescription=\"slide\" aria-label=\"2 z 2\"><a data-elementor-open-lightbox=\"yes\" data-elementor-lightbox-slideshow=\"c11c784\" data-elementor-lightbox-title=\"2\" data-e-action-hash=\"#elementor-action%3Aaction%3Dlightbox%26settings%3DeyJpZCI6MTQyMjIsInVybCI6Imh0dHBzOlwvXC9zcDJhdWcucGxcL3dwLWNvbnRlbnRcL3VwbG9hZHNcLzIwMjNcLzAxXC8yLTguanBnIiwic2xpZGVzaG93IjoiYzExYzc4NCJ9\" href=\"https:\/\/sp2aug.pl\/wp-content\/uploads\/2023\/01\/2-8.jpg\"><figure class=\"swiper-slide-inner\"><img decoding=\"async\" class=\"swiper-slide-image\" src=\"https:\/\/sp2aug.pl\/wp-content\/uploads\/2023\/01\/2-8-150x150.jpg\" alt=\"2\" \/><\/figure><\/a><\/div>\t\t\t<\/div>\n\t\t\t\t\t\t\t\t\t\t\t\t<div class=\"elementor-swiper-button elementor-swiper-button-prev\" role=\"button\" tabindex=\"0\">\n\t\t\t\t\t\t<i aria-hidden=\"true\" class=\"eicon-chevron-left\"><\/i>\t\t\t\t\t<\/div>\n\t\t\t\t\t<div class=\"elementor-swiper-button elementor-swiper-button-next\" role=\"button\" tabindex=\"0\">\n\t\t\t\t\t\t<i aria-hidden=\"true\" class=\"eicon-chevron-right\"><\/i>\t\t\t\t\t<\/div>\n\t\t\t\t\n\t\t\t\t\t\t\t\t\t<div class=\"swiper-pagination\"><\/div>\n\t\t\t\t\t\t\t\t\t<\/div>\n\t\t\t\t\t\t<\/div>\n\t\t\t\t<\/div>\n\t\t\t\t\t<\/div>\n\t\t<\/div>\n\t\t\t\t\t<\/div>\n\t\t<\/section>\n\t\t\t\t<\/div>\n\t\t","protected":false},"excerpt":{"rendered":"<p>Obchody 160. Rocznicy wybuchu Powstania Styczniowego Dzi\u015b 22 stycznia 2023 r. z okazji obchod\u00f3w 160. rocznicy wybuchu PowstaniaStyczniowego Dyrekcja, nauczyciele i uczniowie naszej szko\u0142y wraz z PocztemSztandarowym wzi\u0119li udzia\u0142 w uroczystej Mszy \u015awi\u0119tej w Bazylice Mniejszej im.Naj\u015bwi\u0119tszego Serca Jezusowego w Augustowie w intencji Ojczyzny i uczestnik\u00f3wPowstania Styczniowego 1863r. Stanis\u0142aw Szcz\u0119sny Previous Next<\/p>\n","protected":false},"author":1,"featured_media":0,"comment_status":"closed","ping_status":"closed","sticky":false,"template":"","format":"standard","meta":{"footnotes":""},"categories":[4],"tags":[],"class_list":["post-14220","post","type-post","status-publish","format-standard","hentry","category-archiwalne"],"_links":{"self":[{"href":"https:\/\/sp2aug.pl\/index.php\/wp-json\/wp\/v2\/posts\/14220","targetHints":{"allow":["GET"]}}],"collection":[{"href":"https:\/\/sp2aug.pl\/index.php\/wp-json\/wp\/v2\/posts"}],"about":[{"href":"https:\/\/sp2aug.pl\/index.php\/wp-json\/wp\/v2\/types\/post"}],"author":[{"embeddable":true,"href":"https:\/\/sp2aug.pl\/index.php\/wp-json\/wp\/v2\/users\/1"}],"replies":[{"embeddable":true,"href":"https:\/\/sp2aug.pl\/index.php\/wp-json\/wp\/v2\/comments?post=14220"}],"version-history":[{"count":2,"href":"https:\/\/sp2aug.pl\/index.php\/wp-json\/wp\/v2\/posts\/14220\/revisions"}],"predecessor-version":[{"id":14224,"href":"https:\/\/sp2aug.pl\/index.php\/wp-json\/wp\/v2\/posts\/14220\/revisions\/14224"}],"wp:attachment":[{"href":"https:\/\/sp2aug.pl\/index.php\/wp-json\/wp\/v2\/media?parent=14220"}],"wp:term":[{"taxonomy":"category","embeddable":true,"href":"https:\/\/sp2aug.pl\/index.php\/wp-json\/wp\/v2\/categories?post=14220"},{"taxonomy":"post_tag","embeddable":true,"href":"https:\/\/sp2aug.pl\/index.php\/wp-json\/wp\/v2\/tags?post=14220"}],"curies":[{"name":"wp","href":"https:\/\/api.w.org\/{rel}","templated":true}]}}