{"id":13552,"date":"2022-11-22T17:41:31","date_gmt":"2022-11-22T16:41:31","guid":{"rendered":"http:\/\/sp2aug.pl\/?p=13552"},"modified":"2022-11-22T17:43:03","modified_gmt":"2022-11-22T16:43:03","slug":"swieto-patrona-sybirakow-2","status":"publish","type":"post","link":"https:\/\/sp2aug.pl\/index.php\/2022\/11\/22\/swieto-patrona-sybirakow-2\/","title":{"rendered":"\u015awi\u0119to patrona Sybirak\u00f3w"},"content":{"rendered":"\t\t<div data-elementor-type=\"wp-post\" data-elementor-id=\"13552\" class=\"elementor elementor-13552\">\n\t\t\t\t\t\t<section class=\"elementor-section elementor-top-section elementor-element elementor-element-bf3e67b elementor-section-boxed elementor-section-height-default elementor-section-height-default\" data-id=\"bf3e67b\" data-element_type=\"section\">\n\t\t\t\t\t\t<div class=\"elementor-container elementor-column-gap-default\">\n\t\t\t\t\t<div class=\"elementor-column elementor-col-100 elementor-top-column elementor-element elementor-element-1f81e3f\" data-id=\"1f81e3f\" data-element_type=\"column\">\n\t\t\t<div class=\"elementor-widget-wrap elementor-element-populated\">\n\t\t\t\t\t\t<div class=\"elementor-element elementor-element-48b4a7e elementor-widget elementor-widget-text-editor\" data-id=\"48b4a7e\" data-element_type=\"widget\" data-widget_type=\"text-editor.default\">\n\t\t\t\t<div class=\"elementor-widget-container\">\n\t\t\t\t\t\t\t\t\t<p>20 listopada w \u015bwi\u0119to patrona Sybirak\u00f3w \u015bw. Rafa\u0142a Kalinowskiego odby\u0142a si\u0119<br>uroczysta msza \u015bw. w intencji Sybirak\u00f3w w ko\u015bciele pw. \u015bw. Jana Chrzciciela na Borkach.<br>Dyrekcja, nauczyciele i uczniowie przygotowali opraw\u0119 mszy \u015bw. Dali\u015bmy przez to wyraz wsparcia naszym Sybirakom, by w ten spos\u00f3b upami\u0119tni\u0107 ofiary masowych deportacji z teren\u00f3w Augustowszczyzny oraz pomodli\u0107 si\u0119 za Sybirak\u00f3w, kt\u00f3rzy jeszcze \u017cyj\u0105. Po zako\u0144czeniu mszy \u015bw. przedstawiciele szko\u0142y wraz z Sybirakami zapalili znicze pod pomnikiem \u201eGolgota Wschodu\u201d, oddaj\u0105c ho\u0142d zes\u0142a\u0144com, kt\u00f3rzy zmarli na \u201enieludzkiej ziemi\u201d.<br>Anna Jakucewicz<br>zdj\u0119cia: Danuta Gregorowicz<\/p>\t\t\t\t\t\t\t\t<\/div>\n\t\t\t\t<\/div>\n\t\t\t\t\t<\/div>\n\t\t<\/div>\n\t\t\t\t\t<\/div>\n\t\t<\/section>\n\t\t\t\t<section class=\"elementor-section elementor-top-section elementor-element elementor-element-1ea7449 elementor-section-boxed elementor-section-height-default elementor-section-height-default\" data-id=\"1ea7449\" data-element_type=\"section\">\n\t\t\t\t\t\t<div class=\"elementor-container elementor-column-gap-default\">\n\t\t\t\t\t<div class=\"elementor-column elementor-col-100 elementor-top-column elementor-element elementor-element-e6ae4b8\" data-id=\"e6ae4b8\" data-element_type=\"column\">\n\t\t\t<div class=\"elementor-widget-wrap elementor-element-populated\">\n\t\t\t\t\t\t<div class=\"elementor-element elementor-element-34076ee elementor-arrows-position-inside elementor-pagination-position-outside elementor-widget elementor-widget-image-carousel\" data-id=\"34076ee\" data-element_type=\"widget\" data-settings=\"{&quot;navigation&quot;:&quot;both&quot;,&quot;autoplay&quot;:&quot;yes&quot;,&quot;pause_on_hover&quot;:&quot;yes&quot;,&quot;pause_on_interaction&quot;:&quot;yes&quot;,&quot;autoplay_speed&quot;:5000,&quot;infinite&quot;:&quot;yes&quot;,&quot;speed&quot;:500}\" data-widget_type=\"image-carousel.default\">\n\t\t\t\t<div class=\"elementor-widget-container\">\n\t\t\t\t\t\t\t<div class=\"elementor-image-carousel-wrapper swiper\" role=\"region\" aria-roledescription=\"carousel\" aria-label=\"Karuzela obrazk\u00f3w\" dir=\"ltr\">\n\t\t\t<div class=\"elementor-image-carousel swiper-wrapper\" aria-live=\"off\">\n\t\t\t\t\t\t\t\t<div class=\"swiper-slide\" role=\"group\" aria-roledescription=\"slide\" aria-label=\"1 z 4\"><a data-elementor-open-lightbox=\"yes\" data-elementor-lightbox-slideshow=\"34076ee\" data-elementor-lightbox-title=\"1\" data-e-action-hash=\"#elementor-action%3Aaction%3Dlightbox%26settings%3DeyJpZCI6MTM1NTMsInVybCI6Imh0dHBzOlwvXC9zcDJhdWcucGxcL3dwLWNvbnRlbnRcL3VwbG9hZHNcLzIwMjJcLzExXC8xLTI1LmpwZyIsInNsaWRlc2hvdyI6IjM0MDc2ZWUifQ%3D%3D\" href=\"https:\/\/sp2aug.pl\/wp-content\/uploads\/2022\/11\/1-25.jpg\"><figure class=\"swiper-slide-inner\"><img decoding=\"async\" class=\"swiper-slide-image\" src=\"https:\/\/sp2aug.pl\/wp-content\/uploads\/2022\/11\/1-25-150x150.jpg\" alt=\"1\" \/><\/figure><\/a><\/div><div class=\"swiper-slide\" role=\"group\" aria-roledescription=\"slide\" aria-label=\"2 z 4\"><a data-elementor-open-lightbox=\"yes\" data-elementor-lightbox-slideshow=\"34076ee\" data-elementor-lightbox-title=\"2\" data-e-action-hash=\"#elementor-action%3Aaction%3Dlightbox%26settings%3DeyJpZCI6MTM1NTQsInVybCI6Imh0dHBzOlwvXC9zcDJhdWcucGxcL3dwLWNvbnRlbnRcL3VwbG9hZHNcLzIwMjJcLzExXC8yLTIzLmpwZyIsInNsaWRlc2hvdyI6IjM0MDc2ZWUifQ%3D%3D\" href=\"https:\/\/sp2aug.pl\/wp-content\/uploads\/2022\/11\/2-23.jpg\"><figure class=\"swiper-slide-inner\"><img decoding=\"async\" class=\"swiper-slide-image\" src=\"https:\/\/sp2aug.pl\/wp-content\/uploads\/2022\/11\/2-23-150x150.jpg\" alt=\"2\" \/><\/figure><\/a><\/div><div class=\"swiper-slide\" role=\"group\" aria-roledescription=\"slide\" aria-label=\"3 z 4\"><a data-elementor-open-lightbox=\"yes\" data-elementor-lightbox-slideshow=\"34076ee\" data-elementor-lightbox-title=\"3\" data-e-action-hash=\"#elementor-action%3Aaction%3Dlightbox%26settings%3DeyJpZCI6MTM1NTUsInVybCI6Imh0dHBzOlwvXC9zcDJhdWcucGxcL3dwLWNvbnRlbnRcL3VwbG9hZHNcLzIwMjJcLzExXC8zLTIzLmpwZyIsInNsaWRlc2hvdyI6IjM0MDc2ZWUifQ%3D%3D\" href=\"https:\/\/sp2aug.pl\/wp-content\/uploads\/2022\/11\/3-23.jpg\"><figure class=\"swiper-slide-inner\"><img decoding=\"async\" class=\"swiper-slide-image\" src=\"https:\/\/sp2aug.pl\/wp-content\/uploads\/2022\/11\/3-23-150x150.jpg\" alt=\"3\" \/><\/figure><\/a><\/div><div class=\"swiper-slide\" role=\"group\" aria-roledescription=\"slide\" aria-label=\"4 z 4\"><a data-elementor-open-lightbox=\"yes\" data-elementor-lightbox-slideshow=\"34076ee\" data-elementor-lightbox-title=\"4\" data-e-action-hash=\"#elementor-action%3Aaction%3Dlightbox%26settings%3DeyJpZCI6MTM1NTYsInVybCI6Imh0dHBzOlwvXC9zcDJhdWcucGxcL3dwLWNvbnRlbnRcL3VwbG9hZHNcLzIwMjJcLzExXC80LTIyLmpwZyIsInNsaWRlc2hvdyI6IjM0MDc2ZWUifQ%3D%3D\" href=\"https:\/\/sp2aug.pl\/wp-content\/uploads\/2022\/11\/4-22.jpg\"><figure class=\"swiper-slide-inner\"><img decoding=\"async\" class=\"swiper-slide-image\" src=\"https:\/\/sp2aug.pl\/wp-content\/uploads\/2022\/11\/4-22-150x150.jpg\" alt=\"4\" \/><\/figure><\/a><\/div>\t\t\t<\/div>\n\t\t\t\t\t\t\t\t\t\t\t\t<div class=\"elementor-swiper-button elementor-swiper-button-prev\" role=\"button\" tabindex=\"0\">\n\t\t\t\t\t\t<i aria-hidden=\"true\" class=\"eicon-chevron-left\"><\/i>\t\t\t\t\t<\/div>\n\t\t\t\t\t<div class=\"elementor-swiper-button elementor-swiper-button-next\" role=\"button\" tabindex=\"0\">\n\t\t\t\t\t\t<i aria-hidden=\"true\" class=\"eicon-chevron-right\"><\/i>\t\t\t\t\t<\/div>\n\t\t\t\t\n\t\t\t\t\t\t\t\t\t<div class=\"swiper-pagination\"><\/div>\n\t\t\t\t\t\t\t\t\t<\/div>\n\t\t\t\t\t\t<\/div>\n\t\t\t\t<\/div>\n\t\t\t\t\t<\/div>\n\t\t<\/div>\n\t\t\t\t\t<\/div>\n\t\t<\/section>\n\t\t\t\t<\/div>\n\t\t","protected":false},"excerpt":{"rendered":"<p>20 listopada w \u015bwi\u0119to patrona Sybirak\u00f3w \u015bw. Rafa\u0142a Kalinowskiego odby\u0142a si\u0119uroczysta msza \u015bw. w intencji Sybirak\u00f3w w ko\u015bciele pw. \u015bw. Jana Chrzciciela na Borkach.Dyrekcja, nauczyciele i uczniowie przygotowali opraw\u0119 mszy \u015bw. Dali\u015bmy przez to wyraz wsparcia naszym Sybirakom, by w ten spos\u00f3b upami\u0119tni\u0107 ofiary masowych deportacji z teren\u00f3w Augustowszczyzny oraz pomodli\u0107 si\u0119 za Sybirak\u00f3w, kt\u00f3rzy&hellip;<\/p>\n","protected":false},"author":1,"featured_media":0,"comment_status":"closed","ping_status":"closed","sticky":false,"template":"","format":"standard","meta":{"footnotes":""},"categories":[4],"tags":[],"class_list":["post-13552","post","type-post","status-publish","format-standard","hentry","category-archiwalne"],"_links":{"self":[{"href":"https:\/\/sp2aug.pl\/index.php\/wp-json\/wp\/v2\/posts\/13552","targetHints":{"allow":["GET"]}}],"collection":[{"href":"https:\/\/sp2aug.pl\/index.php\/wp-json\/wp\/v2\/posts"}],"about":[{"href":"https:\/\/sp2aug.pl\/index.php\/wp-json\/wp\/v2\/types\/post"}],"author":[{"embeddable":true,"href":"https:\/\/sp2aug.pl\/index.php\/wp-json\/wp\/v2\/users\/1"}],"replies":[{"embeddable":true,"href":"https:\/\/sp2aug.pl\/index.php\/wp-json\/wp\/v2\/comments?post=13552"}],"version-history":[{"count":2,"href":"https:\/\/sp2aug.pl\/index.php\/wp-json\/wp\/v2\/posts\/13552\/revisions"}],"predecessor-version":[{"id":13558,"href":"https:\/\/sp2aug.pl\/index.php\/wp-json\/wp\/v2\/posts\/13552\/revisions\/13558"}],"wp:attachment":[{"href":"https:\/\/sp2aug.pl\/index.php\/wp-json\/wp\/v2\/media?parent=13552"}],"wp:term":[{"taxonomy":"category","embeddable":true,"href":"https:\/\/sp2aug.pl\/index.php\/wp-json\/wp\/v2\/categories?post=13552"},{"taxonomy":"post_tag","embeddable":true,"href":"https:\/\/sp2aug.pl\/index.php\/wp-json\/wp\/v2\/tags?post=13552"}],"curies":[{"name":"wp","href":"https:\/\/api.w.org\/{rel}","templated":true}]}}