{"id":13185,"date":"2022-11-07T20:45:50","date_gmt":"2022-11-07T19:45:50","guid":{"rendered":"http:\/\/sp2aug.pl\/?p=13185"},"modified":"2022-11-07T20:47:08","modified_gmt":"2022-11-07T19:47:08","slug":"dzien-tolerancji","status":"publish","type":"post","link":"https:\/\/sp2aug.pl\/index.php\/2022\/11\/07\/dzien-tolerancji\/","title":{"rendered":"Dzie\u0144 Tolerancji"},"content":{"rendered":"\t\t<div data-elementor-type=\"wp-post\" data-elementor-id=\"13185\" class=\"elementor elementor-13185\">\n\t\t\t\t\t\t<section class=\"elementor-section elementor-top-section elementor-element elementor-element-a663ab9 elementor-section-boxed elementor-section-height-default elementor-section-height-default\" data-id=\"a663ab9\" data-element_type=\"section\">\n\t\t\t\t\t\t<div class=\"elementor-container elementor-column-gap-default\">\n\t\t\t\t\t<div class=\"elementor-column elementor-col-100 elementor-top-column elementor-element elementor-element-c085ea6\" data-id=\"c085ea6\" data-element_type=\"column\">\n\t\t\t<div class=\"elementor-widget-wrap elementor-element-populated\">\n\t\t\t\t\t\t<div class=\"elementor-element elementor-element-c9ed232 elementor-widget elementor-widget-text-editor\" data-id=\"c9ed232\" data-element_type=\"widget\" data-widget_type=\"text-editor.default\">\n\t\t\t\t<div class=\"elementor-widget-container\">\n\t\t\t\t\t\t\t\t\t<p>16 listopada Mi\u0119dzynarodowy Dzie\u0144 Tolerancji<br \/>,,Ka\u017cdy cz\u0142owiek zas\u0142uguje na mi\u0142o\u015b\u0107 i szacunek\u201d<\/p><p>Bardzo wa\u017cne jest edukowanie dzieci, \u017ce \u015bwiat jest r\u00f3\u017cnorodny, \u017ce inny , nie znaczy<br \/>gorszy. Ludzie maj\u0105 inne kolory sk\u00f3ry, rozmiary, czy pogl\u0105dy, ale w g\u0142\u0119bi duszy, wszyscy<br \/>jeste\u015bmy tacy sami. W takim dniu, jak Mi\u0119dzynarodowy Dzie\u0144 Tolerancji 16 listopada ,<br \/>pokazujemy uczniom, \u017ce ka\u017cdy cz\u0142owiek zas\u0142uguje na mi\u0142o\u015b\u0107 i szacunek, bez wzgl\u0119du na<br \/>wygl\u0105d, ras\u0119, p\u0142e\u0107 i pochodzenie. Nauczyciele rozmawiaj\u0105 z dzie\u0107mi i m\u0142odzie\u017c\u0105<br \/>o niepe\u0142nosprawno\u015bciach, odmienno\u015bci, r\u00f3\u017cnych kulturach i religiach. Wychowawcy podczas<br \/>godzin wychowawczych poruszaj\u0105 tematy inno\u015bci, ucz\u0105 , \u017ce ludzie r\u00f3\u017cni\u0105 si\u0119 od siebie,<br \/>a zauwa\u017canie r\u00f3\u017cnic nie jest z\u0142e, bo w\u0142a\u015bnie te r\u00f3\u017cnice sprawiaj\u0105, \u017ce ka\u017cdy z nas jest<br \/>wyj\u0105tkowy i jedyny w swoim rodzaju.<br \/>Uczniowie klas I-VIII wykonali plakaty zwi\u0105zane z tematyk\u0105 tolerancji, kt\u00f3re<br \/>zaprezentowali na korytarzach szkolnych. Spo\u0142eczno\u015b\u0107 szkolna mia\u0142a okazj\u0119 na poznanie<br \/>r\u00f3\u017cnorodno\u015bci poj\u0119\u0107 zwi\u0105zanych z szeroko rozumian\u0105 tolerancj\u0105.<br \/>Mamy nadziej\u0119, \u017ce ten dzie\u0144 wp\u0142ynie pozytywnie na postawy naszych uczni\u00f3w wobec<br \/>inno\u015bci, nauczy szacunku, akceptacji wobec otaczaj\u0105cego \u015bwiata.<\/p><p>Zesp\u00f3\u0142 profilaktyczno &#8211; wychowawczy<\/p>\t\t\t\t\t\t\t\t<\/div>\n\t\t\t\t<\/div>\n\t\t\t\t\t<\/div>\n\t\t<\/div>\n\t\t\t\t\t<\/div>\n\t\t<\/section>\n\t\t\t\t<section class=\"elementor-section elementor-top-section elementor-element elementor-element-bf74176 elementor-section-boxed elementor-section-height-default elementor-section-height-default\" data-id=\"bf74176\" data-element_type=\"section\">\n\t\t\t\t\t\t<div class=\"elementor-container elementor-column-gap-default\">\n\t\t\t\t\t<div class=\"elementor-column elementor-col-50 elementor-top-column elementor-element elementor-element-3d50793\" data-id=\"3d50793\" data-element_type=\"column\">\n\t\t\t<div class=\"elementor-widget-wrap elementor-element-populated\">\n\t\t\t\t\t\t<div class=\"elementor-element elementor-element-59f1927 elementor-widget elementor-widget-image\" data-id=\"59f1927\" data-element_type=\"widget\" data-widget_type=\"image.default\">\n\t\t\t\t<div class=\"elementor-widget-container\">\n\t\t\t\t\t\t\t\t\t\t\t\t\t\t\t\t<a href=\"https:\/\/sp2aug.pl\/wp-content\/uploads\/2022\/11\/1-7.jpg\" data-elementor-open-lightbox=\"yes\" data-elementor-lightbox-title=\"1\" data-e-action-hash=\"#elementor-action%3Aaction%3Dlightbox%26settings%3DeyJpZCI6MTMxODYsInVybCI6Imh0dHBzOlwvXC9zcDJhdWcucGxcL3dwLWNvbnRlbnRcL3VwbG9hZHNcLzIwMjJcLzExXC8xLTcuanBnIn0%3D\">\n\t\t\t\t\t\t\t<img fetchpriority=\"high\" decoding=\"async\" width=\"480\" height=\"640\" src=\"https:\/\/sp2aug.pl\/wp-content\/uploads\/2022\/11\/1-7.jpg\" class=\"attachment-large size-large wp-image-13186\" alt=\"\" srcset=\"https:\/\/sp2aug.pl\/wp-content\/uploads\/2022\/11\/1-7.jpg 480w, https:\/\/sp2aug.pl\/wp-content\/uploads\/2022\/11\/1-7-225x300.jpg 225w\" sizes=\"(max-width: 480px) 100vw, 480px\" \/>\t\t\t\t\t\t\t\t<\/a>\n\t\t\t\t\t\t\t\t\t\t\t\t\t\t\t<\/div>\n\t\t\t\t<\/div>\n\t\t\t\t\t<\/div>\n\t\t<\/div>\n\t\t\t\t<div class=\"elementor-column elementor-col-50 elementor-top-column elementor-element elementor-element-d4683c6\" data-id=\"d4683c6\" data-element_type=\"column\">\n\t\t\t<div class=\"elementor-widget-wrap elementor-element-populated\">\n\t\t\t\t\t\t<div class=\"elementor-element elementor-element-1fa9a72 elementor-widget elementor-widget-image\" data-id=\"1fa9a72\" data-element_type=\"widget\" data-widget_type=\"image.default\">\n\t\t\t\t<div class=\"elementor-widget-container\">\n\t\t\t\t\t\t\t\t\t\t\t\t\t\t\t\t<a href=\"https:\/\/sp2aug.pl\/wp-content\/uploads\/2022\/11\/2-rotated.jpeg\" data-elementor-open-lightbox=\"yes\" data-elementor-lightbox-title=\"2\" data-e-action-hash=\"#elementor-action%3Aaction%3Dlightbox%26settings%3DeyJpZCI6MTMxODcsInVybCI6Imh0dHBzOlwvXC9zcDJhdWcucGxcL3dwLWNvbnRlbnRcL3VwbG9hZHNcLzIwMjJcLzExXC8yLXJvdGF0ZWQuanBlZyJ9\">\n\t\t\t\t\t\t\t<img decoding=\"async\" width=\"480\" height=\"640\" src=\"https:\/\/sp2aug.pl\/wp-content\/uploads\/2022\/11\/2-rotated.jpeg\" class=\"attachment-large size-large wp-image-13187\" alt=\"\" srcset=\"https:\/\/sp2aug.pl\/wp-content\/uploads\/2022\/11\/2-rotated.jpeg 480w, https:\/\/sp2aug.pl\/wp-content\/uploads\/2022\/11\/2-225x300.jpeg 225w\" sizes=\"(max-width: 480px) 100vw, 480px\" \/>\t\t\t\t\t\t\t\t<\/a>\n\t\t\t\t\t\t\t\t\t\t\t\t\t\t\t<\/div>\n\t\t\t\t<\/div>\n\t\t\t\t\t<\/div>\n\t\t<\/div>\n\t\t\t\t\t<\/div>\n\t\t<\/section>\n\t\t\t\t<\/div>\n\t\t","protected":false},"excerpt":{"rendered":"<p>16 listopada Mi\u0119dzynarodowy Dzie\u0144 Tolerancji,,Ka\u017cdy cz\u0142owiek zas\u0142uguje na mi\u0142o\u015b\u0107 i szacunek\u201d Bardzo wa\u017cne jest edukowanie dzieci, \u017ce \u015bwiat jest r\u00f3\u017cnorodny, \u017ce inny , nie znaczygorszy. Ludzie maj\u0105 inne kolory sk\u00f3ry, rozmiary, czy pogl\u0105dy, ale w g\u0142\u0119bi duszy, wszyscyjeste\u015bmy tacy sami. W takim dniu, jak Mi\u0119dzynarodowy Dzie\u0144 Tolerancji 16 listopada ,pokazujemy uczniom, \u017ce ka\u017cdy cz\u0142owiek zas\u0142uguje&hellip;<\/p>\n","protected":false},"author":1,"featured_media":0,"comment_status":"closed","ping_status":"closed","sticky":false,"template":"","format":"standard","meta":{"footnotes":""},"categories":[4],"tags":[],"class_list":["post-13185","post","type-post","status-publish","format-standard","hentry","category-archiwalne"],"_links":{"self":[{"href":"https:\/\/sp2aug.pl\/index.php\/wp-json\/wp\/v2\/posts\/13185","targetHints":{"allow":["GET"]}}],"collection":[{"href":"https:\/\/sp2aug.pl\/index.php\/wp-json\/wp\/v2\/posts"}],"about":[{"href":"https:\/\/sp2aug.pl\/index.php\/wp-json\/wp\/v2\/types\/post"}],"author":[{"embeddable":true,"href":"https:\/\/sp2aug.pl\/index.php\/wp-json\/wp\/v2\/users\/1"}],"replies":[{"embeddable":true,"href":"https:\/\/sp2aug.pl\/index.php\/wp-json\/wp\/v2\/comments?post=13185"}],"version-history":[{"count":2,"href":"https:\/\/sp2aug.pl\/index.php\/wp-json\/wp\/v2\/posts\/13185\/revisions"}],"predecessor-version":[{"id":13189,"href":"https:\/\/sp2aug.pl\/index.php\/wp-json\/wp\/v2\/posts\/13185\/revisions\/13189"}],"wp:attachment":[{"href":"https:\/\/sp2aug.pl\/index.php\/wp-json\/wp\/v2\/media?parent=13185"}],"wp:term":[{"taxonomy":"category","embeddable":true,"href":"https:\/\/sp2aug.pl\/index.php\/wp-json\/wp\/v2\/categories?post=13185"},{"taxonomy":"post_tag","embeddable":true,"href":"https:\/\/sp2aug.pl\/index.php\/wp-json\/wp\/v2\/tags?post=13185"}],"curies":[{"name":"wp","href":"https:\/\/api.w.org\/{rel}","templated":true}]}}