{"id":12978,"date":"2022-10-25T18:41:34","date_gmt":"2022-10-25T16:41:34","guid":{"rendered":"http:\/\/sp2aug.pl\/?p=12978"},"modified":"2022-10-25T18:43:14","modified_gmt":"2022-10-25T16:43:14","slug":"wielki-plebiscyt-edukacyjny","status":"publish","type":"post","link":"https:\/\/sp2aug.pl\/index.php\/2022\/10\/25\/wielki-plebiscyt-edukacyjny\/","title":{"rendered":"Wielki Plebiscyt Edukacyjny!"},"content":{"rendered":"\t\t<div data-elementor-type=\"wp-post\" data-elementor-id=\"12978\" class=\"elementor elementor-12978\">\n\t\t\t\t\t\t<section class=\"elementor-section elementor-top-section elementor-element elementor-element-2f0746b elementor-section-boxed elementor-section-height-default elementor-section-height-default\" data-id=\"2f0746b\" data-element_type=\"section\">\n\t\t\t\t\t\t<div class=\"elementor-container elementor-column-gap-default\">\n\t\t\t\t\t<div class=\"elementor-column elementor-col-100 elementor-top-column elementor-element elementor-element-0426429\" data-id=\"0426429\" data-element_type=\"column\">\n\t\t\t<div class=\"elementor-widget-wrap elementor-element-populated\">\n\t\t\t\t\t\t<div class=\"elementor-element elementor-element-2ec2b06 elementor-widget elementor-widget-text-editor\" data-id=\"2ec2b06\" data-element_type=\"widget\" data-widget_type=\"text-editor.default\">\n\t\t\t\t<div class=\"elementor-widget-container\">\n\t\t\t\t\t\t\t\t\t<p>Z przyjemno\u015bci\u0105 informujemy, \u017ce Nasza Szko\u0142a zosta\u0142a zg\u0142oszona przez uczni\u00f3w i ich rodzic\u00f3w do nagrody <strong><em>Szko\u0142a Roku<\/em><\/strong> w wielkim <strong>Plebiscycie Edukacyjnym<\/strong>, kt\u00f3ry w wojew\u00f3dztwie podlaskim jest prowadzony przez \u201eKurier Poranny\u201d i \u201eGazet\u0119 Wsp\u00f3\u0142czesn\u0105\u201d.<\/p><p>\u00a0<\/p><p>Nominacj\u0119 do nagrody w kategorii <strong>Dyrektor Szko\u0142y<\/strong> otrzyma\u0142 <strong><em>pan<\/em><\/strong> <strong><em>dyrektor Leszek Mo\u0142odziejko.<\/em><\/strong><\/p><p><strong><em>\u00a0<\/em><\/strong><\/p><p>Nominacj\u0119 do tytu\u0142u <strong>Nauczyciel Roku klas IV-VIII<\/strong> otrzyma\u0142a <strong>pani <em>Marzenna Czerwi\u0144ska.<\/em><\/strong><\/p><p>\u00a0<\/p><p>G\u0142osowanie b\u0119dzie trwa\u0107 od\u00a0<strong>wtorku, 25 pa\u017adziernika<\/strong><strong>\u00a0<\/strong>do<strong>\u00a0wtorku, 22 listopada 2022 r. do godz. 20.<\/strong><\/p><p>\u00a0<\/p><p>G\u0142osowa\u0107 na szko\u0142\u0119 mo\u017cecie poprzez link:<\/p><p>https:\/\/poranny.pl\/p\/kandydat\/zespol-szkolno-przedszkolny-nr-3-w-augustowie%2C3141611\/<\/p><p>\u00a0<\/p><p>Na Pana Dyrektora Leszka Mo\u0142odziejko g\u0142osujemy na stronie:<\/p><p>https:\/\/poranny.pl\/p\/kandydat\/leszek-molodziejko%2C3091893\/<\/p><p>\u00a0<\/p><p>Na pani\u0105 Marzenn\u0119 Czerwi\u0144ska g\u0142osujemy wchodz\u0105c na link:<\/p><p>https:\/\/poranny.pl\/p\/kandydat\/marzenna-czerwinska%2C3148433\/<\/p>\t\t\t\t\t\t\t\t<\/div>\n\t\t\t\t<\/div>\n\t\t\t\t\t<\/div>\n\t\t<\/div>\n\t\t\t\t\t<\/div>\n\t\t<\/section>\n\t\t\t\t<section class=\"elementor-section elementor-top-section elementor-element elementor-element-ba8fe9f elementor-section-boxed elementor-section-height-default elementor-section-height-default\" data-id=\"ba8fe9f\" data-element_type=\"section\">\n\t\t\t\t\t\t<div class=\"elementor-container elementor-column-gap-default\">\n\t\t\t\t\t<div class=\"elementor-column elementor-col-33 elementor-top-column elementor-element elementor-element-bcd5d8c\" data-id=\"bcd5d8c\" data-element_type=\"column\">\n\t\t\t<div class=\"elementor-widget-wrap elementor-element-populated\">\n\t\t\t\t\t\t<div class=\"elementor-element elementor-element-00b43da elementor-widget elementor-widget-image\" data-id=\"00b43da\" data-element_type=\"widget\" data-widget_type=\"image.default\">\n\t\t\t\t<div class=\"elementor-widget-container\">\n\t\t\t\t\t\t\t\t\t\t\t\t\t\t\t\t<a href=\"https:\/\/sp2aug.pl\/wp-content\/uploads\/2022\/10\/n1.jpg\" data-elementor-open-lightbox=\"yes\" data-elementor-lightbox-title=\"n1\" data-e-action-hash=\"#elementor-action%3Aaction%3Dlightbox%26settings%3DeyJpZCI6MTI5ODIsInVybCI6Imh0dHBzOlwvXC9zcDJhdWcucGxcL3dwLWNvbnRlbnRcL3VwbG9hZHNcLzIwMjJcLzEwXC9uMS5qcGcifQ%3D%3D\">\n\t\t\t\t\t\t\t<img fetchpriority=\"high\" decoding=\"async\" width=\"595\" height=\"841\" src=\"https:\/\/sp2aug.pl\/wp-content\/uploads\/2022\/10\/n1.jpg\" class=\"attachment-large size-large wp-image-12982\" alt=\"\" srcset=\"https:\/\/sp2aug.pl\/wp-content\/uploads\/2022\/10\/n1.jpg 595w, https:\/\/sp2aug.pl\/wp-content\/uploads\/2022\/10\/n1-212x300.jpg 212w\" sizes=\"(max-width: 595px) 100vw, 595px\" \/>\t\t\t\t\t\t\t\t<\/a>\n\t\t\t\t\t\t\t\t\t\t\t\t\t\t\t<\/div>\n\t\t\t\t<\/div>\n\t\t\t\t\t<\/div>\n\t\t<\/div>\n\t\t\t\t<div class=\"elementor-column elementor-col-33 elementor-top-column elementor-element elementor-element-0563644\" data-id=\"0563644\" data-element_type=\"column\">\n\t\t\t<div class=\"elementor-widget-wrap elementor-element-populated\">\n\t\t\t\t\t\t<div class=\"elementor-element elementor-element-a6f0a22 elementor-widget elementor-widget-image\" data-id=\"a6f0a22\" data-element_type=\"widget\" data-widget_type=\"image.default\">\n\t\t\t\t<div class=\"elementor-widget-container\">\n\t\t\t\t\t\t\t\t\t\t\t\t\t\t\t\t<a href=\"https:\/\/sp2aug.pl\/wp-content\/uploads\/2022\/10\/n3.jpg\" data-elementor-open-lightbox=\"yes\" data-elementor-lightbox-title=\"n3\" data-e-action-hash=\"#elementor-action%3Aaction%3Dlightbox%26settings%3DeyJpZCI6MTI5ODMsInVybCI6Imh0dHBzOlwvXC9zcDJhdWcucGxcL3dwLWNvbnRlbnRcL3VwbG9hZHNcLzIwMjJcLzEwXC9uMy5qcGcifQ%3D%3D\">\n\t\t\t\t\t\t\t<img decoding=\"async\" width=\"595\" height=\"841\" src=\"https:\/\/sp2aug.pl\/wp-content\/uploads\/2022\/10\/n3.jpg\" class=\"attachment-large size-large wp-image-12983\" alt=\"\" srcset=\"https:\/\/sp2aug.pl\/wp-content\/uploads\/2022\/10\/n3.jpg 595w, https:\/\/sp2aug.pl\/wp-content\/uploads\/2022\/10\/n3-212x300.jpg 212w\" sizes=\"(max-width: 595px) 100vw, 595px\" \/>\t\t\t\t\t\t\t\t<\/a>\n\t\t\t\t\t\t\t\t\t\t\t\t\t\t\t<\/div>\n\t\t\t\t<\/div>\n\t\t\t\t\t<\/div>\n\t\t<\/div>\n\t\t\t\t<div class=\"elementor-column elementor-col-33 elementor-top-column elementor-element elementor-element-f430eac\" data-id=\"f430eac\" data-element_type=\"column\">\n\t\t\t<div class=\"elementor-widget-wrap elementor-element-populated\">\n\t\t\t\t\t\t<div class=\"elementor-element elementor-element-78b66fb elementor-widget elementor-widget-image\" data-id=\"78b66fb\" data-element_type=\"widget\" data-widget_type=\"image.default\">\n\t\t\t\t<div class=\"elementor-widget-container\">\n\t\t\t\t\t\t\t\t\t\t\t\t\t\t\t\t<a href=\"https:\/\/sp2aug.pl\/wp-content\/uploads\/2022\/10\/n2.jpg\" data-elementor-open-lightbox=\"yes\" data-elementor-lightbox-title=\"n2\" data-e-action-hash=\"#elementor-action%3Aaction%3Dlightbox%26settings%3DeyJpZCI6MTI5ODQsInVybCI6Imh0dHBzOlwvXC9zcDJhdWcucGxcL3dwLWNvbnRlbnRcL3VwbG9hZHNcLzIwMjJcLzEwXC9uMi5qcGcifQ%3D%3D\">\n\t\t\t\t\t\t\t<img decoding=\"async\" width=\"595\" height=\"841\" src=\"https:\/\/sp2aug.pl\/wp-content\/uploads\/2022\/10\/n2.jpg\" class=\"attachment-large size-large wp-image-12984\" alt=\"\" srcset=\"https:\/\/sp2aug.pl\/wp-content\/uploads\/2022\/10\/n2.jpg 595w, https:\/\/sp2aug.pl\/wp-content\/uploads\/2022\/10\/n2-212x300.jpg 212w\" sizes=\"(max-width: 595px) 100vw, 595px\" \/>\t\t\t\t\t\t\t\t<\/a>\n\t\t\t\t\t\t\t\t\t\t\t\t\t\t\t<\/div>\n\t\t\t\t<\/div>\n\t\t\t\t\t<\/div>\n\t\t<\/div>\n\t\t\t\t\t<\/div>\n\t\t<\/section>\n\t\t\t\t<\/div>\n\t\t","protected":false},"excerpt":{"rendered":"<p>Z przyjemno\u015bci\u0105 informujemy, \u017ce Nasza Szko\u0142a zosta\u0142a zg\u0142oszona przez uczni\u00f3w i ich rodzic\u00f3w do nagrody Szko\u0142a Roku w wielkim Plebiscycie Edukacyjnym, kt\u00f3ry w wojew\u00f3dztwie podlaskim jest prowadzony przez \u201eKurier Poranny\u201d i \u201eGazet\u0119 Wsp\u00f3\u0142czesn\u0105\u201d. \u00a0 Nominacj\u0119 do nagrody w kategorii Dyrektor Szko\u0142y otrzyma\u0142 pan dyrektor Leszek Mo\u0142odziejko. \u00a0 Nominacj\u0119 do tytu\u0142u Nauczyciel Roku klas IV-VIII otrzyma\u0142a&hellip;<\/p>\n","protected":false},"author":1,"featured_media":0,"comment_status":"closed","ping_status":"closed","sticky":false,"template":"","format":"standard","meta":{"footnotes":""},"categories":[4],"tags":[],"class_list":["post-12978","post","type-post","status-publish","format-standard","hentry","category-archiwalne"],"_links":{"self":[{"href":"https:\/\/sp2aug.pl\/index.php\/wp-json\/wp\/v2\/posts\/12978","targetHints":{"allow":["GET"]}}],"collection":[{"href":"https:\/\/sp2aug.pl\/index.php\/wp-json\/wp\/v2\/posts"}],"about":[{"href":"https:\/\/sp2aug.pl\/index.php\/wp-json\/wp\/v2\/types\/post"}],"author":[{"embeddable":true,"href":"https:\/\/sp2aug.pl\/index.php\/wp-json\/wp\/v2\/users\/1"}],"replies":[{"embeddable":true,"href":"https:\/\/sp2aug.pl\/index.php\/wp-json\/wp\/v2\/comments?post=12978"}],"version-history":[{"count":2,"href":"https:\/\/sp2aug.pl\/index.php\/wp-json\/wp\/v2\/posts\/12978\/revisions"}],"predecessor-version":[{"id":12986,"href":"https:\/\/sp2aug.pl\/index.php\/wp-json\/wp\/v2\/posts\/12978\/revisions\/12986"}],"wp:attachment":[{"href":"https:\/\/sp2aug.pl\/index.php\/wp-json\/wp\/v2\/media?parent=12978"}],"wp:term":[{"taxonomy":"category","embeddable":true,"href":"https:\/\/sp2aug.pl\/index.php\/wp-json\/wp\/v2\/categories?post=12978"},{"taxonomy":"post_tag","embeddable":true,"href":"https:\/\/sp2aug.pl\/index.php\/wp-json\/wp\/v2\/tags?post=12978"}],"curies":[{"name":"wp","href":"https:\/\/api.w.org\/{rel}","templated":true}]}}