{"id":12607,"date":"2022-09-23T17:50:12","date_gmt":"2022-09-23T15:50:12","guid":{"rendered":"http:\/\/sp2aug.pl\/?p=12607"},"modified":"2022-09-23T17:51:49","modified_gmt":"2022-09-23T15:51:49","slug":"nasi-absolwenci","status":"publish","type":"post","link":"https:\/\/sp2aug.pl\/index.php\/2022\/09\/23\/nasi-absolwenci\/","title":{"rendered":"Nasi Absolwenci"},"content":{"rendered":"\t\t<div data-elementor-type=\"wp-post\" data-elementor-id=\"12607\" class=\"elementor elementor-12607\">\n\t\t\t\t\t\t<section class=\"elementor-section elementor-top-section elementor-element elementor-element-c827777 elementor-section-boxed elementor-section-height-default elementor-section-height-default\" data-id=\"c827777\" data-element_type=\"section\">\n\t\t\t\t\t\t<div class=\"elementor-container elementor-column-gap-default\">\n\t\t\t\t\t<div class=\"elementor-column elementor-col-50 elementor-top-column elementor-element elementor-element-7e0f61c\" data-id=\"7e0f61c\" data-element_type=\"column\">\n\t\t\t<div class=\"elementor-widget-wrap elementor-element-populated\">\n\t\t\t\t\t\t<div class=\"elementor-element elementor-element-17b5c81 elementor-widget elementor-widget-spacer\" data-id=\"17b5c81\" data-element_type=\"widget\" data-widget_type=\"spacer.default\">\n\t\t\t\t<div class=\"elementor-widget-container\">\n\t\t\t\t\t\t\t<div class=\"elementor-spacer\">\n\t\t\t<div class=\"elementor-spacer-inner\"><\/div>\n\t\t<\/div>\n\t\t\t\t\t\t<\/div>\n\t\t\t\t<\/div>\n\t\t\t\t<div class=\"elementor-element elementor-element-5f97923 elementor-widget elementor-widget-image\" data-id=\"5f97923\" data-element_type=\"widget\" data-widget_type=\"image.default\">\n\t\t\t\t<div class=\"elementor-widget-container\">\n\t\t\t\t\t\t\t\t\t\t\t\t\t\t\t\t<a href=\"https:\/\/sp2aug.pl\/wp-content\/uploads\/2022\/09\/absolwenci.jpg\" data-elementor-open-lightbox=\"yes\" data-elementor-lightbox-title=\"absolwenci\" data-e-action-hash=\"#elementor-action%3Aaction%3Dlightbox%26settings%3DeyJpZCI6MTI2MDgsInVybCI6Imh0dHBzOlwvXC9zcDJhdWcucGxcL3dwLWNvbnRlbnRcL3VwbG9hZHNcLzIwMjJcLzA5XC9hYnNvbHdlbmNpLmpwZyJ9\">\n\t\t\t\t\t\t\t<img fetchpriority=\"high\" decoding=\"async\" width=\"660\" height=\"497\" src=\"https:\/\/sp2aug.pl\/wp-content\/uploads\/2022\/09\/absolwenci.jpg\" class=\"attachment-large size-large wp-image-12608\" alt=\"\" srcset=\"https:\/\/sp2aug.pl\/wp-content\/uploads\/2022\/09\/absolwenci.jpg 660w, https:\/\/sp2aug.pl\/wp-content\/uploads\/2022\/09\/absolwenci-300x226.jpg 300w, https:\/\/sp2aug.pl\/wp-content\/uploads\/2022\/09\/absolwenci-160x120.jpg 160w\" sizes=\"(max-width: 660px) 100vw, 660px\" \/>\t\t\t\t\t\t\t\t<\/a>\n\t\t\t\t\t\t\t\t\t\t\t\t\t\t\t<\/div>\n\t\t\t\t<\/div>\n\t\t\t\t\t<\/div>\n\t\t<\/div>\n\t\t\t\t<div class=\"elementor-column elementor-col-50 elementor-top-column elementor-element elementor-element-f390da6\" data-id=\"f390da6\" data-element_type=\"column\">\n\t\t\t<div class=\"elementor-widget-wrap elementor-element-populated\">\n\t\t\t\t\t\t<div class=\"elementor-element elementor-element-b844997 elementor-widget elementor-widget-text-editor\" data-id=\"b844997\" data-element_type=\"widget\" data-widget_type=\"text-editor.default\">\n\t\t\t\t<div class=\"elementor-widget-container\">\n\t\t\t\t\t\t\t\t\t<p>W ramach zaj\u0119\u0107 doradztwa zawodowego, uczniowie klas 8 spotkali\u00a0 si\u0119 \u00a0z absolwentami naszej szko\u0142y. \u00a0Iza, Paulina i Mateusz jako studenci wy\u017cszych uczelni odbywali praktyki pedagogiczne w &#8222;swojej\u00a0 podstaw\u00f3wce&#8221;.\u00a0 Z wielk\u0105 pasj\u0105 opowiadali o w\u0142asnej\u00a0 \u015bcie\u017cce edukacyjnej, zach\u0119cali do zdobywania wiedzy,\u00a0 rozwijania\u00a0 zainteresowa\u0144, pasji, wytrwa\u0142o\u015bci w d\u0105\u017ceniu do celu, odwagi w poszukiwaniu swojego miejsca. \u00a0<\/p><p>\u00d3smoklasi\u015bci.\u00a0 ws\u0142uchiwali si\u0119 w bezcenne wskaz\u00f3wki i rady \u00a0dotycz\u0105ce ich przysz\u0142ych wybor\u00f3w edukacyjnych.\u00a0<\/p><p>Gratulujemy \u00a0i jeste\u015bmy dumni z naszych Wychowank\u00f3w oraz \u017cyczymy powodzenia w kolejnych etapach edukacji.<\/p><p>H. Bonarska<\/p>\t\t\t\t\t\t\t\t<\/div>\n\t\t\t\t<\/div>\n\t\t\t\t\t<\/div>\n\t\t<\/div>\n\t\t\t\t\t<\/div>\n\t\t<\/section>\n\t\t\t\t<\/div>\n\t\t","protected":false},"excerpt":{"rendered":"<p>W ramach zaj\u0119\u0107 doradztwa zawodowego, uczniowie klas 8 spotkali\u00a0 si\u0119 \u00a0z absolwentami naszej szko\u0142y. \u00a0Iza, Paulina i Mateusz jako studenci wy\u017cszych uczelni odbywali praktyki pedagogiczne w &#8222;swojej\u00a0 podstaw\u00f3wce&#8221;.\u00a0 Z wielk\u0105 pasj\u0105 opowiadali o w\u0142asnej\u00a0 \u015bcie\u017cce edukacyjnej, zach\u0119cali do zdobywania wiedzy,\u00a0 rozwijania\u00a0 zainteresowa\u0144, pasji, wytrwa\u0142o\u015bci w d\u0105\u017ceniu do celu, odwagi w poszukiwaniu swojego miejsca. \u00a0 \u00d3smoklasi\u015bci.\u00a0&hellip;<\/p>\n","protected":false},"author":1,"featured_media":0,"comment_status":"closed","ping_status":"closed","sticky":false,"template":"","format":"standard","meta":{"footnotes":""},"categories":[4],"tags":[],"class_list":["post-12607","post","type-post","status-publish","format-standard","hentry","category-archiwalne"],"_links":{"self":[{"href":"https:\/\/sp2aug.pl\/index.php\/wp-json\/wp\/v2\/posts\/12607","targetHints":{"allow":["GET"]}}],"collection":[{"href":"https:\/\/sp2aug.pl\/index.php\/wp-json\/wp\/v2\/posts"}],"about":[{"href":"https:\/\/sp2aug.pl\/index.php\/wp-json\/wp\/v2\/types\/post"}],"author":[{"embeddable":true,"href":"https:\/\/sp2aug.pl\/index.php\/wp-json\/wp\/v2\/users\/1"}],"replies":[{"embeddable":true,"href":"https:\/\/sp2aug.pl\/index.php\/wp-json\/wp\/v2\/comments?post=12607"}],"version-history":[{"count":2,"href":"https:\/\/sp2aug.pl\/index.php\/wp-json\/wp\/v2\/posts\/12607\/revisions"}],"predecessor-version":[{"id":12610,"href":"https:\/\/sp2aug.pl\/index.php\/wp-json\/wp\/v2\/posts\/12607\/revisions\/12610"}],"wp:attachment":[{"href":"https:\/\/sp2aug.pl\/index.php\/wp-json\/wp\/v2\/media?parent=12607"}],"wp:term":[{"taxonomy":"category","embeddable":true,"href":"https:\/\/sp2aug.pl\/index.php\/wp-json\/wp\/v2\/categories?post=12607"},{"taxonomy":"post_tag","embeddable":true,"href":"https:\/\/sp2aug.pl\/index.php\/wp-json\/wp\/v2\/tags?post=12607"}],"curies":[{"name":"wp","href":"https:\/\/api.w.org\/{rel}","templated":true}]}}