{"id":11548,"date":"2022-05-04T17:40:35","date_gmt":"2022-05-04T15:40:35","guid":{"rendered":"http:\/\/sp2aug.pl\/?p=11548"},"modified":"2022-05-04T17:42:48","modified_gmt":"2022-05-04T15:42:48","slug":"miejskie-obchody-swieta-3-maja","status":"publish","type":"post","link":"https:\/\/sp2aug.pl\/index.php\/2022\/05\/04\/miejskie-obchody-swieta-3-maja\/","title":{"rendered":"Miejskie obchody \u015awi\u0119ta 3 Maja"},"content":{"rendered":"\t\t<div data-elementor-type=\"wp-post\" data-elementor-id=\"11548\" class=\"elementor elementor-11548\">\n\t\t\t\t\t\t<section class=\"elementor-section elementor-top-section elementor-element elementor-element-3c28264 elementor-section-boxed elementor-section-height-default elementor-section-height-default\" data-id=\"3c28264\" data-element_type=\"section\">\n\t\t\t\t\t\t<div class=\"elementor-container elementor-column-gap-default\">\n\t\t\t\t\t<div class=\"elementor-column elementor-col-100 elementor-top-column elementor-element elementor-element-7e28309\" data-id=\"7e28309\" data-element_type=\"column\">\n\t\t\t<div class=\"elementor-widget-wrap elementor-element-populated\">\n\t\t\t\t\t\t<div class=\"elementor-element elementor-element-25820d9 elementor-widget elementor-widget-text-editor\" data-id=\"25820d9\" data-element_type=\"widget\" data-widget_type=\"text-editor.default\">\n\t\t\t\t<div class=\"elementor-widget-container\">\n\t\t\t\t\t\t\t\t\t<p>W dniu 3 maja odby\u0142y si\u0119 miejskie obchody\u00a0 231 rocznicy uchwalenia Konstytucji 3 Maja. Obchody rozpocz\u0119\u0142y si\u0119 uroczyst\u0105 Msz\u0105 \u015awi\u0119t\u0105 w intencji Ojczyzny. Nast\u0119pnie zebrani \u00a0przemaszerowali na Rynek Zygmunta Augusta pod pomnik\u00a0 \u201eTym, kt\u00f3rzy po\u015bwi\u0119cili swe \u017cycia za woln\u0105 i sprawiedliw\u0105 ojczyzn\u0119&#8221;. Tam zosta\u0142y wyg\u0142oszone okoliczno\u015bciowe przem\u00f3wienia oraz delegacje z\u0142o\u017cy\u0142y kwiaty. W uroczysto\u015bciach uczestniczyli nasi uczniowie, godnie \u00a0reprezentuj\u0105c \u00a0poczet sztandarowy\u00a0 szko\u0142y oraz Zwi\u0105zku Sybirak\u00f3w Zarz\u0105du w Augustowie.<\/p><p>Leszek Mo\u0142odziejko<\/p>\t\t\t\t\t\t\t\t<\/div>\n\t\t\t\t<\/div>\n\t\t\t\t\t<\/div>\n\t\t<\/div>\n\t\t\t\t\t<\/div>\n\t\t<\/section>\n\t\t\t\t<section class=\"elementor-section elementor-top-section elementor-element elementor-element-3aae981 elementor-section-boxed elementor-section-height-default elementor-section-height-default\" data-id=\"3aae981\" data-element_type=\"section\">\n\t\t\t\t\t\t<div class=\"elementor-container elementor-column-gap-default\">\n\t\t\t\t\t<div class=\"elementor-column elementor-col-100 elementor-top-column elementor-element elementor-element-764404c\" data-id=\"764404c\" data-element_type=\"column\">\n\t\t\t<div class=\"elementor-widget-wrap elementor-element-populated\">\n\t\t\t\t\t\t<div class=\"elementor-element elementor-element-29aa07e elementor-arrows-position-inside elementor-pagination-position-outside elementor-widget elementor-widget-image-carousel\" data-id=\"29aa07e\" data-element_type=\"widget\" data-settings=\"{&quot;navigation&quot;:&quot;both&quot;,&quot;autoplay&quot;:&quot;yes&quot;,&quot;pause_on_hover&quot;:&quot;yes&quot;,&quot;pause_on_interaction&quot;:&quot;yes&quot;,&quot;autoplay_speed&quot;:5000,&quot;infinite&quot;:&quot;yes&quot;,&quot;speed&quot;:500}\" data-widget_type=\"image-carousel.default\">\n\t\t\t\t<div class=\"elementor-widget-container\">\n\t\t\t\t\t\t\t<div class=\"elementor-image-carousel-wrapper swiper\" role=\"region\" aria-roledescription=\"carousel\" aria-label=\"Karuzela obrazk\u00f3w\" dir=\"ltr\">\n\t\t\t<div class=\"elementor-image-carousel swiper-wrapper\" aria-live=\"off\">\n\t\t\t\t\t\t\t\t<div class=\"swiper-slide\" role=\"group\" aria-roledescription=\"slide\" aria-label=\"1 z 5\"><a data-elementor-open-lightbox=\"yes\" data-elementor-lightbox-slideshow=\"29aa07e\" data-elementor-lightbox-title=\"1\" data-e-action-hash=\"#elementor-action%3Aaction%3Dlightbox%26settings%3DeyJpZCI6MTE1NDksInVybCI6Imh0dHBzOlwvXC9zcDJhdWcucGxcL3dwLWNvbnRlbnRcL3VwbG9hZHNcLzIwMjJcLzA1XC8xLmpwZyIsInNsaWRlc2hvdyI6IjI5YWEwN2UifQ%3D%3D\" href=\"https:\/\/sp2aug.pl\/wp-content\/uploads\/2022\/05\/1.jpg\"><figure class=\"swiper-slide-inner\"><img decoding=\"async\" class=\"swiper-slide-image\" src=\"https:\/\/sp2aug.pl\/wp-content\/uploads\/2022\/05\/1-150x150.jpg\" alt=\"1\" \/><\/figure><\/a><\/div><div class=\"swiper-slide\" role=\"group\" aria-roledescription=\"slide\" aria-label=\"2 z 5\"><a data-elementor-open-lightbox=\"yes\" data-elementor-lightbox-slideshow=\"29aa07e\" data-elementor-lightbox-title=\"2\" data-e-action-hash=\"#elementor-action%3Aaction%3Dlightbox%26settings%3DeyJpZCI6MTE1NTAsInVybCI6Imh0dHBzOlwvXC9zcDJhdWcucGxcL3dwLWNvbnRlbnRcL3VwbG9hZHNcLzIwMjJcLzA1XC8yLmpwZyIsInNsaWRlc2hvdyI6IjI5YWEwN2UifQ%3D%3D\" href=\"https:\/\/sp2aug.pl\/wp-content\/uploads\/2022\/05\/2.jpg\"><figure class=\"swiper-slide-inner\"><img decoding=\"async\" class=\"swiper-slide-image\" src=\"https:\/\/sp2aug.pl\/wp-content\/uploads\/2022\/05\/2-150x150.jpg\" alt=\"2\" \/><\/figure><\/a><\/div><div class=\"swiper-slide\" role=\"group\" aria-roledescription=\"slide\" aria-label=\"3 z 5\"><a data-elementor-open-lightbox=\"yes\" data-elementor-lightbox-slideshow=\"29aa07e\" data-elementor-lightbox-title=\"3\" data-e-action-hash=\"#elementor-action%3Aaction%3Dlightbox%26settings%3DeyJpZCI6MTE1NTEsInVybCI6Imh0dHBzOlwvXC9zcDJhdWcucGxcL3dwLWNvbnRlbnRcL3VwbG9hZHNcLzIwMjJcLzA1XC8zLmpwZyIsInNsaWRlc2hvdyI6IjI5YWEwN2UifQ%3D%3D\" href=\"https:\/\/sp2aug.pl\/wp-content\/uploads\/2022\/05\/3.jpg\"><figure class=\"swiper-slide-inner\"><img decoding=\"async\" class=\"swiper-slide-image\" src=\"https:\/\/sp2aug.pl\/wp-content\/uploads\/2022\/05\/3-150x150.jpg\" alt=\"3\" \/><\/figure><\/a><\/div><div class=\"swiper-slide\" role=\"group\" aria-roledescription=\"slide\" aria-label=\"4 z 5\"><a data-elementor-open-lightbox=\"yes\" data-elementor-lightbox-slideshow=\"29aa07e\" data-elementor-lightbox-title=\"4\" data-e-action-hash=\"#elementor-action%3Aaction%3Dlightbox%26settings%3DeyJpZCI6MTE1NTIsInVybCI6Imh0dHBzOlwvXC9zcDJhdWcucGxcL3dwLWNvbnRlbnRcL3VwbG9hZHNcLzIwMjJcLzA1XC80LmpwZyIsInNsaWRlc2hvdyI6IjI5YWEwN2UifQ%3D%3D\" href=\"https:\/\/sp2aug.pl\/wp-content\/uploads\/2022\/05\/4.jpg\"><figure class=\"swiper-slide-inner\"><img decoding=\"async\" class=\"swiper-slide-image\" src=\"https:\/\/sp2aug.pl\/wp-content\/uploads\/2022\/05\/4-150x150.jpg\" alt=\"4\" \/><\/figure><\/a><\/div><div class=\"swiper-slide\" role=\"group\" aria-roledescription=\"slide\" aria-label=\"5 z 5\"><a data-elementor-open-lightbox=\"yes\" data-elementor-lightbox-slideshow=\"29aa07e\" data-elementor-lightbox-title=\"5\" data-e-action-hash=\"#elementor-action%3Aaction%3Dlightbox%26settings%3DeyJpZCI6MTE1NTMsInVybCI6Imh0dHBzOlwvXC9zcDJhdWcucGxcL3dwLWNvbnRlbnRcL3VwbG9hZHNcLzIwMjJcLzA1XC81LmpwZyIsInNsaWRlc2hvdyI6IjI5YWEwN2UifQ%3D%3D\" href=\"https:\/\/sp2aug.pl\/wp-content\/uploads\/2022\/05\/5.jpg\"><figure class=\"swiper-slide-inner\"><img decoding=\"async\" class=\"swiper-slide-image\" src=\"https:\/\/sp2aug.pl\/wp-content\/uploads\/2022\/05\/5-150x150.jpg\" alt=\"5\" \/><\/figure><\/a><\/div>\t\t\t<\/div>\n\t\t\t\t\t\t\t\t\t\t\t\t<div class=\"elementor-swiper-button elementor-swiper-button-prev\" role=\"button\" tabindex=\"0\">\n\t\t\t\t\t\t<i aria-hidden=\"true\" class=\"eicon-chevron-left\"><\/i>\t\t\t\t\t<\/div>\n\t\t\t\t\t<div class=\"elementor-swiper-button elementor-swiper-button-next\" role=\"button\" tabindex=\"0\">\n\t\t\t\t\t\t<i aria-hidden=\"true\" class=\"eicon-chevron-right\"><\/i>\t\t\t\t\t<\/div>\n\t\t\t\t\n\t\t\t\t\t\t\t\t\t<div class=\"swiper-pagination\"><\/div>\n\t\t\t\t\t\t\t\t\t<\/div>\n\t\t\t\t\t\t<\/div>\n\t\t\t\t<\/div>\n\t\t\t\t\t<\/div>\n\t\t<\/div>\n\t\t\t\t\t<\/div>\n\t\t<\/section>\n\t\t\t\t<\/div>\n\t\t","protected":false},"excerpt":{"rendered":"<p>W dniu 3 maja odby\u0142y si\u0119 miejskie obchody\u00a0 231 rocznicy uchwalenia Konstytucji 3 Maja. Obchody rozpocz\u0119\u0142y si\u0119 uroczyst\u0105 Msz\u0105 \u015awi\u0119t\u0105 w intencji Ojczyzny. Nast\u0119pnie zebrani \u00a0przemaszerowali na Rynek Zygmunta Augusta pod pomnik\u00a0 \u201eTym, kt\u00f3rzy po\u015bwi\u0119cili swe \u017cycia za woln\u0105 i sprawiedliw\u0105 ojczyzn\u0119&#8221;. Tam zosta\u0142y wyg\u0142oszone okoliczno\u015bciowe przem\u00f3wienia oraz delegacje z\u0142o\u017cy\u0142y kwiaty. W uroczysto\u015bciach uczestniczyli nasi&hellip;<\/p>\n","protected":false},"author":1,"featured_media":0,"comment_status":"closed","ping_status":"closed","sticky":false,"template":"","format":"standard","meta":{"footnotes":""},"categories":[4],"tags":[],"class_list":["post-11548","post","type-post","status-publish","format-standard","hentry","category-archiwalne"],"_links":{"self":[{"href":"https:\/\/sp2aug.pl\/index.php\/wp-json\/wp\/v2\/posts\/11548","targetHints":{"allow":["GET"]}}],"collection":[{"href":"https:\/\/sp2aug.pl\/index.php\/wp-json\/wp\/v2\/posts"}],"about":[{"href":"https:\/\/sp2aug.pl\/index.php\/wp-json\/wp\/v2\/types\/post"}],"author":[{"embeddable":true,"href":"https:\/\/sp2aug.pl\/index.php\/wp-json\/wp\/v2\/users\/1"}],"replies":[{"embeddable":true,"href":"https:\/\/sp2aug.pl\/index.php\/wp-json\/wp\/v2\/comments?post=11548"}],"version-history":[{"count":2,"href":"https:\/\/sp2aug.pl\/index.php\/wp-json\/wp\/v2\/posts\/11548\/revisions"}],"predecessor-version":[{"id":11555,"href":"https:\/\/sp2aug.pl\/index.php\/wp-json\/wp\/v2\/posts\/11548\/revisions\/11555"}],"wp:attachment":[{"href":"https:\/\/sp2aug.pl\/index.php\/wp-json\/wp\/v2\/media?parent=11548"}],"wp:term":[{"taxonomy":"category","embeddable":true,"href":"https:\/\/sp2aug.pl\/index.php\/wp-json\/wp\/v2\/categories?post=11548"},{"taxonomy":"post_tag","embeddable":true,"href":"https:\/\/sp2aug.pl\/index.php\/wp-json\/wp\/v2\/tags?post=11548"}],"curies":[{"name":"wp","href":"https:\/\/api.w.org\/{rel}","templated":true}]}}