{"id":11490,"date":"2022-04-26T17:07:57","date_gmt":"2022-04-26T15:07:57","guid":{"rendered":"http:\/\/sp2aug.pl\/?p=11490"},"modified":"2022-04-26T17:09:31","modified_gmt":"2022-04-26T15:09:31","slug":"final-wojewodztwa-podlaskiego-w-plywaniu","status":"publish","type":"post","link":"https:\/\/sp2aug.pl\/index.php\/2022\/04\/26\/final-wojewodztwa-podlaskiego-w-plywaniu\/","title":{"rendered":"Fina\u0142 Wojew\u00f3dztwa podlaskiego w p\u0142ywaniu"},"content":{"rendered":"\t\t<div data-elementor-type=\"wp-post\" data-elementor-id=\"11490\" class=\"elementor elementor-11490\">\n\t\t\t\t\t\t<section class=\"elementor-section elementor-top-section elementor-element elementor-element-95acbd2 elementor-section-boxed elementor-section-height-default elementor-section-height-default\" data-id=\"95acbd2\" data-element_type=\"section\">\n\t\t\t\t\t\t<div class=\"elementor-container elementor-column-gap-default\">\n\t\t\t\t\t<div class=\"elementor-column elementor-col-50 elementor-top-column elementor-element elementor-element-6d8a8c4\" data-id=\"6d8a8c4\" data-element_type=\"column\">\n\t\t\t<div class=\"elementor-widget-wrap elementor-element-populated\">\n\t\t\t\t\t\t<div class=\"elementor-element elementor-element-17b352a elementor-widget elementor-widget-image\" data-id=\"17b352a\" data-element_type=\"widget\" data-widget_type=\"image.default\">\n\t\t\t\t<div class=\"elementor-widget-container\">\n\t\t\t\t\t\t\t\t\t\t\t\t\t\t\t<img fetchpriority=\"high\" decoding=\"async\" width=\"300\" height=\"168\" src=\"https:\/\/sp2aug.pl\/wp-content\/uploads\/2022\/04\/plywanie.jpg\" class=\"attachment-large size-large wp-image-11491\" alt=\"\" \/>\t\t\t\t\t\t\t\t\t\t\t\t\t\t\t<\/div>\n\t\t\t\t<\/div>\n\t\t\t\t\t<\/div>\n\t\t<\/div>\n\t\t\t\t<div class=\"elementor-column elementor-col-50 elementor-top-column elementor-element elementor-element-e6d949d\" data-id=\"e6d949d\" data-element_type=\"column\">\n\t\t\t<div class=\"elementor-widget-wrap elementor-element-populated\">\n\t\t\t\t\t\t<div class=\"elementor-element elementor-element-dfb1035 elementor-widget elementor-widget-text-editor\" data-id=\"dfb1035\" data-element_type=\"widget\" data-widget_type=\"text-editor.default\">\n\t\t\t\t<div class=\"elementor-widget-container\">\n\t\t\t\t\t\t\t\t\t<p>Od pocz\u0105tku tego roku szkolnego uczniowie naszej szko\u0142y (kt\u00f3rych Rodzice wyrazili zgod\u0119)\u00a0 korzystali z zaj\u0119\u0107 wychowania fizycznego realizowanych na p\u0142ywalni miejskiej. Podczas lekcji,\u00a0 jedni nabywali umiej\u0119tno\u015bci p\u0142ywackie,\u00a0 inni je doskonalili.\u00a0 Zawsze by\u0142 czas na zabawy w wodzie. Uczniowie, kt\u00f3rzy osi\u0105gn\u0119li najwy\u017csze wyniki reprezentowali szko\u0142\u0119 w zawodach p\u0142ywackich.<\/p><p>W dniu 26 marca startowali\u015bmy w Finale Grupy P\u00f3\u0142nocnej, gdzie zaj\u0119li\u015bmy III miejsce daj\u0105ce awans do Fina\u0142u Wojew\u00f3dzkiego ( startowa\u0142o VI szk\u00f3\u0142).<\/p><p>P\u0142ywali\u015bmy w:<\/p><p>&#8211; sztafecie 6x50m : Kacper Klukowski, Szczepan Paczy\u0144ski (P\u0142ywacy Augustowscy), Michai\u0142 Koronchyk, Piotr Tarnowski, Cyprian Jatkowski i Kamil Drejer \u2013 III miejsce<\/p><p>&#8211; \u00a0stylu dowolnym: Szczepan Paczy\u0144ski II miejsce, Michai\u0142 Koronchyk IV miejsce<\/p><p>&#8211; stylu klasycznym: \u0141ukasz Skindzier VII miejsce, \u0141ukasz Barszczewski VIII miejsce<\/p><p>&#8211; stylu grzbietowym: Piotr Tarnowski VI miejsce, Kamil Drejer VII miejsce<\/p><p>&#8211; stylu motylkowym: Kacper Klukowski III miejsce<\/p><p><strong>\u00a023 kwietnia w Finale Wojew\u00f3dztwa Podlaskiego startowa\u0142o 19 szk\u00f3\u0142.<\/strong><\/p><p><strong>\u00a0My zaj\u0119li\u015bmy V miejsce.<\/strong><\/p><p>Sztafeta 6 x 50 m: Kacper Klukowski, Szczepan Paczy\u0144ski, Michai\u0142 Koronchyk, Micha\u0142 Jurkiewicz, Piotr Tarnowski\u00a0 i Cyprian Jatkowski zaj\u0119\u0142a VII miejsce na XI startuj\u0105cych.<\/p><p>W stylu dowolnym Szczepan Paczy\u0144ski zaj\u0105\u0142 XII miejsce, a Kamil Klukowski w stylu motylkowym <br \/>VI miejsce.<\/p><p>Gratulacje i dalszych sukces\u00f3w ( nie tylko w p\u0142ywaniu) \u017cyczy nauczyciel prowadz\u0105cy: Wojciech Sikora.<\/p>\t\t\t\t\t\t\t\t<\/div>\n\t\t\t\t<\/div>\n\t\t\t\t\t<\/div>\n\t\t<\/div>\n\t\t\t\t\t<\/div>\n\t\t<\/section>\n\t\t\t\t<\/div>\n\t\t","protected":false},"excerpt":{"rendered":"<p>Od pocz\u0105tku tego roku szkolnego uczniowie naszej szko\u0142y (kt\u00f3rych Rodzice wyrazili zgod\u0119)\u00a0 korzystali z zaj\u0119\u0107 wychowania fizycznego realizowanych na p\u0142ywalni miejskiej. Podczas lekcji,\u00a0 jedni nabywali umiej\u0119tno\u015bci p\u0142ywackie,\u00a0 inni je doskonalili.\u00a0 Zawsze by\u0142 czas na zabawy w wodzie. Uczniowie, kt\u00f3rzy osi\u0105gn\u0119li najwy\u017csze wyniki reprezentowali szko\u0142\u0119 w zawodach p\u0142ywackich. W dniu 26 marca startowali\u015bmy w Finale Grupy&hellip;<\/p>\n","protected":false},"author":1,"featured_media":0,"comment_status":"closed","ping_status":"closed","sticky":false,"template":"","format":"standard","meta":{"footnotes":""},"categories":[4],"tags":[],"class_list":["post-11490","post","type-post","status-publish","format-standard","hentry","category-archiwalne"],"_links":{"self":[{"href":"https:\/\/sp2aug.pl\/index.php\/wp-json\/wp\/v2\/posts\/11490","targetHints":{"allow":["GET"]}}],"collection":[{"href":"https:\/\/sp2aug.pl\/index.php\/wp-json\/wp\/v2\/posts"}],"about":[{"href":"https:\/\/sp2aug.pl\/index.php\/wp-json\/wp\/v2\/types\/post"}],"author":[{"embeddable":true,"href":"https:\/\/sp2aug.pl\/index.php\/wp-json\/wp\/v2\/users\/1"}],"replies":[{"embeddable":true,"href":"https:\/\/sp2aug.pl\/index.php\/wp-json\/wp\/v2\/comments?post=11490"}],"version-history":[{"count":2,"href":"https:\/\/sp2aug.pl\/index.php\/wp-json\/wp\/v2\/posts\/11490\/revisions"}],"predecessor-version":[{"id":11493,"href":"https:\/\/sp2aug.pl\/index.php\/wp-json\/wp\/v2\/posts\/11490\/revisions\/11493"}],"wp:attachment":[{"href":"https:\/\/sp2aug.pl\/index.php\/wp-json\/wp\/v2\/media?parent=11490"}],"wp:term":[{"taxonomy":"category","embeddable":true,"href":"https:\/\/sp2aug.pl\/index.php\/wp-json\/wp\/v2\/categories?post=11490"},{"taxonomy":"post_tag","embeddable":true,"href":"https:\/\/sp2aug.pl\/index.php\/wp-json\/wp\/v2\/tags?post=11490"}],"curies":[{"name":"wp","href":"https:\/\/api.w.org\/{rel}","templated":true}]}}