{"id":11349,"date":"2022-04-13T18:12:45","date_gmt":"2022-04-13T16:12:45","guid":{"rendered":"http:\/\/sp2aug.pl\/?p=11349"},"modified":"2022-04-13T18:14:52","modified_gmt":"2022-04-13T16:14:52","slug":"polfinal-wojewodztwa-podlaskiego-w-pilce-siatkowej-dziewczat-siatkarskie-4-ki","status":"publish","type":"post","link":"https:\/\/sp2aug.pl\/index.php\/2022\/04\/13\/polfinal-wojewodztwa-podlaskiego-w-pilce-siatkowej-dziewczat-siatkarskie-4-ki\/","title":{"rendered":"P\u00d3\u0141FINA\u0141 WOJEW\u00d3DZTWA PODLASKIEGO W PI\u0141CE SIATKOWEJ DZIEWCZ\u0104T \u201eSIATKARSKIE 4-KI\u201d"},"content":{"rendered":"\t\t<div data-elementor-type=\"wp-post\" data-elementor-id=\"11349\" class=\"elementor elementor-11349\">\n\t\t\t\t\t\t<section class=\"elementor-section elementor-top-section elementor-element elementor-element-69647eb elementor-section-boxed elementor-section-height-default elementor-section-height-default\" data-id=\"69647eb\" data-element_type=\"section\">\n\t\t\t\t\t\t<div class=\"elementor-container elementor-column-gap-default\">\n\t\t\t\t\t<div class=\"elementor-column elementor-col-50 elementor-top-column elementor-element elementor-element-4b886da\" data-id=\"4b886da\" data-element_type=\"column\">\n\t\t\t<div class=\"elementor-widget-wrap elementor-element-populated\">\n\t\t\t\t\t\t<div class=\"elementor-element elementor-element-3babf4e elementor-widget elementor-widget-image\" data-id=\"3babf4e\" data-element_type=\"widget\" data-widget_type=\"image.default\">\n\t\t\t\t<div class=\"elementor-widget-container\">\n\t\t\t\t\t\t\t\t\t\t\t\t\t\t\t\t<a href=\"https:\/\/sp2aug.pl\/wp-content\/uploads\/2022\/04\/siatka11.jpg\" data-elementor-open-lightbox=\"yes\" data-elementor-lightbox-title=\"siatka11\" data-e-action-hash=\"#elementor-action%3Aaction%3Dlightbox%26settings%3DeyJpZCI6MTEzNTAsInVybCI6Imh0dHBzOlwvXC9zcDJhdWcucGxcL3dwLWNvbnRlbnRcL3VwbG9hZHNcLzIwMjJcLzA0XC9zaWF0a2ExMS5qcGcifQ%3D%3D\">\n\t\t\t\t\t\t\t<img fetchpriority=\"high\" decoding=\"async\" width=\"923\" height=\"449\" src=\"https:\/\/sp2aug.pl\/wp-content\/uploads\/2022\/04\/siatka11-1024x498.jpg\" class=\"attachment-large size-large wp-image-11350\" alt=\"\" srcset=\"https:\/\/sp2aug.pl\/wp-content\/uploads\/2022\/04\/siatka11-1024x498.jpg 1024w, https:\/\/sp2aug.pl\/wp-content\/uploads\/2022\/04\/siatka11-300x146.jpg 300w, https:\/\/sp2aug.pl\/wp-content\/uploads\/2022\/04\/siatka11-768x373.jpg 768w, https:\/\/sp2aug.pl\/wp-content\/uploads\/2022\/04\/siatka11.jpg 1210w\" sizes=\"(max-width: 923px) 100vw, 923px\" \/>\t\t\t\t\t\t\t\t<\/a>\n\t\t\t\t\t\t\t\t\t\t\t\t\t\t\t<\/div>\n\t\t\t\t<\/div>\n\t\t\t\t\t<\/div>\n\t\t<\/div>\n\t\t\t\t<div class=\"elementor-column elementor-col-50 elementor-top-column elementor-element elementor-element-4eee44c\" data-id=\"4eee44c\" data-element_type=\"column\">\n\t\t\t<div class=\"elementor-widget-wrap elementor-element-populated\">\n\t\t\t\t\t\t<div class=\"elementor-element elementor-element-3e8e9a6 elementor-widget elementor-widget-text-editor\" data-id=\"3e8e9a6\" data-element_type=\"widget\" data-widget_type=\"text-editor.default\">\n\t\t\t\t<div class=\"elementor-widget-container\">\n\t\t\t\t\t\t\t\t\t<p>Po zaj\u0119ciu II miejsca w Finale Grupy P\u00f3\u0142nocnej w Pi\u0142ce Siatkowej Dziewcz\u0105t i awansu do grona o\u015bmiu najlepszych zespo\u0142\u00f3w wojew\u00f3dztwa podlaskiego, 13 kwietnia 2022 r. w Szepietowie odby\u0142 si\u0119 jeden z dw\u00f3ch p\u00f3\u0142fina\u0142\u00f3w wojew\u00f3dztwa podlaskiego.<\/p><p>W swoim p\u00f3\u0142finale dziewcz\u0119ta zaj\u0119\u0142y III miejsce.<\/p><p>Gratulacje!!!!<\/p><p>Nasz\u0105 szko\u0142\u0119 reprezentowa\u0142a dru\u017cyna dziewcz\u0105t w sk\u0142adzie:<\/p><p>Chmielewska Natalia<\/p><p>Kondracka Oliwia<\/p><p>\u0141atunowicz Patrycja<\/p><p>Milewska Michalina<\/p><p>Naumowicz Paulina<\/p><p>Smirnow Dominika<\/p><p>Szantar Wiktoria<\/p><p>Zambrowska Maja<\/p><p>Zawadzka Maya<\/p><p>\u017byznowska Wiktoria<\/p><p>\u00a0Dzi\u0119kujemy za zaanga\u017cowanie i reprezentowanie naszej szko\u0142y.<\/p><p>\u00a0<\/p><p>Edyta Bielawska<\/p>\t\t\t\t\t\t\t\t<\/div>\n\t\t\t\t<\/div>\n\t\t\t\t\t<\/div>\n\t\t<\/div>\n\t\t\t\t\t<\/div>\n\t\t<\/section>\n\t\t\t\t<\/div>\n\t\t","protected":false},"excerpt":{"rendered":"<p>Po zaj\u0119ciu II miejsca w Finale Grupy P\u00f3\u0142nocnej w Pi\u0142ce Siatkowej Dziewcz\u0105t i awansu do grona o\u015bmiu najlepszych zespo\u0142\u00f3w wojew\u00f3dztwa podlaskiego, 13 kwietnia 2022 r. w Szepietowie odby\u0142 si\u0119 jeden z dw\u00f3ch p\u00f3\u0142fina\u0142\u00f3w wojew\u00f3dztwa podlaskiego. W swoim p\u00f3\u0142finale dziewcz\u0119ta zaj\u0119\u0142y III miejsce. Gratulacje!!!! Nasz\u0105 szko\u0142\u0119 reprezentowa\u0142a dru\u017cyna dziewcz\u0105t w sk\u0142adzie: Chmielewska Natalia Kondracka Oliwia \u0141atunowicz&hellip;<\/p>\n","protected":false},"author":1,"featured_media":0,"comment_status":"closed","ping_status":"closed","sticky":false,"template":"","format":"standard","meta":{"footnotes":""},"categories":[4],"tags":[],"class_list":["post-11349","post","type-post","status-publish","format-standard","hentry","category-archiwalne"],"_links":{"self":[{"href":"https:\/\/sp2aug.pl\/index.php\/wp-json\/wp\/v2\/posts\/11349","targetHints":{"allow":["GET"]}}],"collection":[{"href":"https:\/\/sp2aug.pl\/index.php\/wp-json\/wp\/v2\/posts"}],"about":[{"href":"https:\/\/sp2aug.pl\/index.php\/wp-json\/wp\/v2\/types\/post"}],"author":[{"embeddable":true,"href":"https:\/\/sp2aug.pl\/index.php\/wp-json\/wp\/v2\/users\/1"}],"replies":[{"embeddable":true,"href":"https:\/\/sp2aug.pl\/index.php\/wp-json\/wp\/v2\/comments?post=11349"}],"version-history":[{"count":3,"href":"https:\/\/sp2aug.pl\/index.php\/wp-json\/wp\/v2\/posts\/11349\/revisions"}],"predecessor-version":[{"id":11353,"href":"https:\/\/sp2aug.pl\/index.php\/wp-json\/wp\/v2\/posts\/11349\/revisions\/11353"}],"wp:attachment":[{"href":"https:\/\/sp2aug.pl\/index.php\/wp-json\/wp\/v2\/media?parent=11349"}],"wp:term":[{"taxonomy":"category","embeddable":true,"href":"https:\/\/sp2aug.pl\/index.php\/wp-json\/wp\/v2\/categories?post=11349"},{"taxonomy":"post_tag","embeddable":true,"href":"https:\/\/sp2aug.pl\/index.php\/wp-json\/wp\/v2\/tags?post=11349"}],"curies":[{"name":"wp","href":"https:\/\/api.w.org\/{rel}","templated":true}]}}