{"id":11142,"date":"2022-03-28T21:44:12","date_gmt":"2022-03-28T19:44:12","guid":{"rendered":"http:\/\/sp2aug.pl\/?p=11142"},"modified":"2022-03-28T21:47:55","modified_gmt":"2022-03-28T19:47:55","slug":"dzien-integracji-w-swietlicy","status":"publish","type":"post","link":"https:\/\/sp2aug.pl\/index.php\/2022\/03\/28\/dzien-integracji-w-swietlicy\/","title":{"rendered":"Dzie\u0144 integracji w \u015bwietlicy"},"content":{"rendered":"\t\t<div data-elementor-type=\"wp-post\" data-elementor-id=\"11142\" class=\"elementor elementor-11142\">\n\t\t\t\t\t\t<section class=\"elementor-section elementor-top-section elementor-element elementor-element-c7bb366 elementor-section-boxed elementor-section-height-default elementor-section-height-default\" data-id=\"c7bb366\" data-element_type=\"section\">\n\t\t\t\t\t\t<div class=\"elementor-container elementor-column-gap-default\">\n\t\t\t\t\t<div class=\"elementor-column elementor-col-33 elementor-top-column elementor-element elementor-element-7322b13\" data-id=\"7322b13\" data-element_type=\"column\">\n\t\t\t<div class=\"elementor-widget-wrap elementor-element-populated\">\n\t\t\t\t\t\t<div class=\"elementor-element elementor-element-9bff75c elementor-widget elementor-widget-image\" data-id=\"9bff75c\" data-element_type=\"widget\" data-widget_type=\"image.default\">\n\t\t\t\t<div class=\"elementor-widget-container\">\n\t\t\t\t\t\t\t\t\t\t\t\t\t\t\t<img decoding=\"async\" width=\"150\" height=\"150\" src=\"https:\/\/sp2aug.pl\/wp-content\/uploads\/2022\/03\/flagau-150x150.jpg\" class=\"attachment-thumbnail size-thumbnail wp-image-11143\" alt=\"\" \/>\t\t\t\t\t\t\t\t\t\t\t\t\t\t\t<\/div>\n\t\t\t\t<\/div>\n\t\t\t\t\t<\/div>\n\t\t<\/div>\n\t\t\t\t<div class=\"elementor-column elementor-col-33 elementor-top-column elementor-element elementor-element-834b929\" data-id=\"834b929\" data-element_type=\"column\">\n\t\t\t<div class=\"elementor-widget-wrap\">\n\t\t\t\t\t\t\t<\/div>\n\t\t<\/div>\n\t\t\t\t<div class=\"elementor-column elementor-col-33 elementor-top-column elementor-element elementor-element-79fb56d\" data-id=\"79fb56d\" data-element_type=\"column\">\n\t\t\t<div class=\"elementor-widget-wrap elementor-element-populated\">\n\t\t\t\t\t\t<div class=\"elementor-element elementor-element-c482767 elementor-widget elementor-widget-image\" data-id=\"c482767\" data-element_type=\"widget\" data-widget_type=\"image.default\">\n\t\t\t\t<div class=\"elementor-widget-container\">\n\t\t\t\t\t\t\t\t\t\t\t\t\t\t\t<img decoding=\"async\" width=\"150\" height=\"150\" src=\"https:\/\/sp2aug.pl\/wp-content\/uploads\/2022\/03\/flagap-150x150.jpg\" class=\"attachment-thumbnail size-thumbnail wp-image-11144\" alt=\"\" \/>\t\t\t\t\t\t\t\t\t\t\t\t\t\t\t<\/div>\n\t\t\t\t<\/div>\n\t\t\t\t\t<\/div>\n\t\t<\/div>\n\t\t\t\t\t<\/div>\n\t\t<\/section>\n\t\t\t\t<section class=\"elementor-section elementor-top-section elementor-element elementor-element-73192f1 elementor-section-boxed elementor-section-height-default elementor-section-height-default\" data-id=\"73192f1\" data-element_type=\"section\">\n\t\t\t\t\t\t<div class=\"elementor-container elementor-column-gap-default\">\n\t\t\t\t\t<div class=\"elementor-column elementor-col-100 elementor-top-column elementor-element elementor-element-cddf346\" data-id=\"cddf346\" data-element_type=\"column\">\n\t\t\t<div class=\"elementor-widget-wrap elementor-element-populated\">\n\t\t\t\t\t\t<div class=\"elementor-element elementor-element-ef8f95d elementor-widget elementor-widget-text-editor\" data-id=\"ef8f95d\" data-element_type=\"widget\" data-widget_type=\"text-editor.default\">\n\t\t\t\t<div class=\"elementor-widget-container\">\n\t\t\t\t\t\t\t\t\t<p>28marca br. najm\u0142odsi uczniowie ze \u015bwietlicy szkolnej wraz z dyrekcj\u0105 szko\u0142y, pedagogiem szkolnym i wychowawcami \u015bwietlicy, przywitali uczni\u00f3w <br \/>z Ukrainy. Ukrai\u0144scy uczniowie w wieku 10-12\u00a0 lat, rozpocz\u0119\u0142o dzi\u015b edukacj\u0119 szkoln\u0105 w naszej szkole, w klasie przygotowawczej. Wychowawczyni\u0105 klasy zosta\u0142a pani Katarzyna Nowakowska Wojewnik.<\/p><p>Wychowankowie \u015bwietlicy pod kierunkiem pa\u0144 Elizy Nied\u017awieckiej, Agnieszki Siemion i Bo\u017ceny Tykockiej, przygotowali emblematy z barwami narodowymi Polski i Ukrainy , kt\u00f3re ozdobi\u0142y wieszak z ubraniami 24 ukrai\u0144skich dzieci.<\/p><p>\u00a0Aby uprzyjemni\u0107 ich pierwszy dzie\u0144 w naszej szkole, uczniowie\u00a0 klasy \u00a0I C wr\u0119czyli przyniesione z domu maskotki i zabawki a wychowawcy \u015bwietlicy -tabliczki czekolady i dzienniczki ucznia. Nowi uczniowie otrzymali r\u00f3wnie\u017c niebiesko-\u017c\u00f3\u0142te kartki z serduszkami od klasy II C.<\/p><p>Mamy nadziej\u0119, \u017ce uczniowie z Ukrainy szybko zaadaptuj\u0105 si\u0119 do nowych warunk\u00f3w i spotkaj\u0105 si\u0119 z \u017cyczliwo\u015bci\u0105 i zrozumieniem naszej szkolnej spo\u0142eczno\u015bci i z czasem wr\u00f3c\u0105 do swojej Ojczyzny.<\/p><p>.<\/p>\t\t\t\t\t\t\t\t<\/div>\n\t\t\t\t<\/div>\n\t\t\t\t\t<\/div>\n\t\t<\/div>\n\t\t\t\t\t<\/div>\n\t\t<\/section>\n\t\t\t\t<section class=\"elementor-section elementor-top-section elementor-element elementor-element-b54b86e elementor-section-boxed elementor-section-height-default elementor-section-height-default\" data-id=\"b54b86e\" data-element_type=\"section\">\n\t\t\t\t\t\t<div class=\"elementor-container elementor-column-gap-default\">\n\t\t\t\t\t<div class=\"elementor-column elementor-col-100 elementor-top-column elementor-element elementor-element-84774be\" data-id=\"84774be\" data-element_type=\"column\">\n\t\t\t<div class=\"elementor-widget-wrap elementor-element-populated\">\n\t\t\t\t\t\t<div class=\"elementor-element elementor-element-5846ea1 elementor-arrows-position-inside elementor-pagination-position-outside elementor-widget elementor-widget-image-carousel\" data-id=\"5846ea1\" data-element_type=\"widget\" data-settings=\"{&quot;navigation&quot;:&quot;both&quot;,&quot;autoplay&quot;:&quot;yes&quot;,&quot;pause_on_hover&quot;:&quot;yes&quot;,&quot;pause_on_interaction&quot;:&quot;yes&quot;,&quot;autoplay_speed&quot;:5000,&quot;infinite&quot;:&quot;yes&quot;,&quot;speed&quot;:500}\" data-widget_type=\"image-carousel.default\">\n\t\t\t\t<div class=\"elementor-widget-container\">\n\t\t\t\t\t\t\t<div class=\"elementor-image-carousel-wrapper swiper\" role=\"region\" aria-roledescription=\"carousel\" aria-label=\"Karuzela obrazk\u00f3w\" dir=\"ltr\">\n\t\t\t<div class=\"elementor-image-carousel swiper-wrapper\" aria-live=\"off\">\n\t\t\t\t\t\t\t\t<div class=\"swiper-slide\" role=\"group\" aria-roledescription=\"slide\" aria-label=\"1 z 4\"><a data-elementor-open-lightbox=\"yes\" data-elementor-lightbox-slideshow=\"5846ea1\" data-elementor-lightbox-title=\"1\" data-e-action-hash=\"#elementor-action%3Aaction%3Dlightbox%26settings%3DeyJpZCI6MTExNDUsInVybCI6Imh0dHBzOlwvXC9zcDJhdWcucGxcL3dwLWNvbnRlbnRcL3VwbG9hZHNcLzIwMjJcLzAzXC8xLTEyLmpwZyIsInNsaWRlc2hvdyI6IjU4NDZlYTEifQ%3D%3D\" href=\"https:\/\/sp2aug.pl\/wp-content\/uploads\/2022\/03\/1-12.jpg\"><figure class=\"swiper-slide-inner\"><img decoding=\"async\" class=\"swiper-slide-image\" src=\"https:\/\/sp2aug.pl\/wp-content\/uploads\/2022\/03\/1-12-150x150.jpg\" alt=\"1\" \/><\/figure><\/a><\/div><div class=\"swiper-slide\" role=\"group\" aria-roledescription=\"slide\" aria-label=\"2 z 4\"><a data-elementor-open-lightbox=\"yes\" data-elementor-lightbox-slideshow=\"5846ea1\" data-elementor-lightbox-title=\"2\" data-e-action-hash=\"#elementor-action%3Aaction%3Dlightbox%26settings%3DeyJpZCI6MTExNDYsInVybCI6Imh0dHBzOlwvXC9zcDJhdWcucGxcL3dwLWNvbnRlbnRcL3VwbG9hZHNcLzIwMjJcLzAzXC8yLTEyLmpwZyIsInNsaWRlc2hvdyI6IjU4NDZlYTEifQ%3D%3D\" href=\"https:\/\/sp2aug.pl\/wp-content\/uploads\/2022\/03\/2-12.jpg\"><figure class=\"swiper-slide-inner\"><img decoding=\"async\" class=\"swiper-slide-image\" src=\"https:\/\/sp2aug.pl\/wp-content\/uploads\/2022\/03\/2-12-150x150.jpg\" alt=\"2\" \/><\/figure><\/a><\/div><div class=\"swiper-slide\" role=\"group\" aria-roledescription=\"slide\" aria-label=\"3 z 4\"><a data-elementor-open-lightbox=\"yes\" data-elementor-lightbox-slideshow=\"5846ea1\" data-elementor-lightbox-title=\"3\" data-e-action-hash=\"#elementor-action%3Aaction%3Dlightbox%26settings%3DeyJpZCI6MTExNDcsInVybCI6Imh0dHBzOlwvXC9zcDJhdWcucGxcL3dwLWNvbnRlbnRcL3VwbG9hZHNcLzIwMjJcLzAzXC8zLTExLmpwZyIsInNsaWRlc2hvdyI6IjU4NDZlYTEifQ%3D%3D\" href=\"https:\/\/sp2aug.pl\/wp-content\/uploads\/2022\/03\/3-11.jpg\"><figure class=\"swiper-slide-inner\"><img decoding=\"async\" class=\"swiper-slide-image\" src=\"https:\/\/sp2aug.pl\/wp-content\/uploads\/2022\/03\/3-11-150x150.jpg\" alt=\"3\" \/><\/figure><\/a><\/div><div class=\"swiper-slide\" role=\"group\" aria-roledescription=\"slide\" aria-label=\"4 z 4\"><a data-elementor-open-lightbox=\"yes\" data-elementor-lightbox-slideshow=\"5846ea1\" data-elementor-lightbox-title=\"4\" data-e-action-hash=\"#elementor-action%3Aaction%3Dlightbox%26settings%3DeyJpZCI6MTExNDgsInVybCI6Imh0dHBzOlwvXC9zcDJhdWcucGxcL3dwLWNvbnRlbnRcL3VwbG9hZHNcLzIwMjJcLzAzXC80LTEwLmpwZyIsInNsaWRlc2hvdyI6IjU4NDZlYTEifQ%3D%3D\" href=\"https:\/\/sp2aug.pl\/wp-content\/uploads\/2022\/03\/4-10.jpg\"><figure class=\"swiper-slide-inner\"><img decoding=\"async\" class=\"swiper-slide-image\" src=\"https:\/\/sp2aug.pl\/wp-content\/uploads\/2022\/03\/4-10-150x150.jpg\" alt=\"4\" \/><\/figure><\/a><\/div>\t\t\t<\/div>\n\t\t\t\t\t\t\t\t\t\t\t\t<div class=\"elementor-swiper-button elementor-swiper-button-prev\" role=\"button\" tabindex=\"0\">\n\t\t\t\t\t\t<i aria-hidden=\"true\" class=\"eicon-chevron-left\"><\/i>\t\t\t\t\t<\/div>\n\t\t\t\t\t<div class=\"elementor-swiper-button elementor-swiper-button-next\" role=\"button\" tabindex=\"0\">\n\t\t\t\t\t\t<i aria-hidden=\"true\" class=\"eicon-chevron-right\"><\/i>\t\t\t\t\t<\/div>\n\t\t\t\t\n\t\t\t\t\t\t\t\t\t<div class=\"swiper-pagination\"><\/div>\n\t\t\t\t\t\t\t\t\t<\/div>\n\t\t\t\t\t\t<\/div>\n\t\t\t\t<\/div>\n\t\t\t\t\t<\/div>\n\t\t<\/div>\n\t\t\t\t\t<\/div>\n\t\t<\/section>\n\t\t\t\t<\/div>\n\t\t","protected":false},"excerpt":{"rendered":"<p>28marca br. najm\u0142odsi uczniowie ze \u015bwietlicy szkolnej wraz z dyrekcj\u0105 szko\u0142y, pedagogiem szkolnym i wychowawcami \u015bwietlicy, przywitali uczni\u00f3w z Ukrainy. Ukrai\u0144scy uczniowie w wieku 10-12\u00a0 lat, rozpocz\u0119\u0142o dzi\u015b edukacj\u0119 szkoln\u0105 w naszej szkole, w klasie przygotowawczej. Wychowawczyni\u0105 klasy zosta\u0142a pani Katarzyna Nowakowska Wojewnik. Wychowankowie \u015bwietlicy pod kierunkiem pa\u0144 Elizy Nied\u017awieckiej, Agnieszki Siemion i Bo\u017ceny Tykockiej,&hellip;<\/p>\n","protected":false},"author":1,"featured_media":0,"comment_status":"closed","ping_status":"closed","sticky":false,"template":"","format":"standard","meta":{"footnotes":""},"categories":[4],"tags":[],"class_list":["post-11142","post","type-post","status-publish","format-standard","hentry","category-archiwalne"],"_links":{"self":[{"href":"https:\/\/sp2aug.pl\/index.php\/wp-json\/wp\/v2\/posts\/11142","targetHints":{"allow":["GET"]}}],"collection":[{"href":"https:\/\/sp2aug.pl\/index.php\/wp-json\/wp\/v2\/posts"}],"about":[{"href":"https:\/\/sp2aug.pl\/index.php\/wp-json\/wp\/v2\/types\/post"}],"author":[{"embeddable":true,"href":"https:\/\/sp2aug.pl\/index.php\/wp-json\/wp\/v2\/users\/1"}],"replies":[{"embeddable":true,"href":"https:\/\/sp2aug.pl\/index.php\/wp-json\/wp\/v2\/comments?post=11142"}],"version-history":[{"count":2,"href":"https:\/\/sp2aug.pl\/index.php\/wp-json\/wp\/v2\/posts\/11142\/revisions"}],"predecessor-version":[{"id":11150,"href":"https:\/\/sp2aug.pl\/index.php\/wp-json\/wp\/v2\/posts\/11142\/revisions\/11150"}],"wp:attachment":[{"href":"https:\/\/sp2aug.pl\/index.php\/wp-json\/wp\/v2\/media?parent=11142"}],"wp:term":[{"taxonomy":"category","embeddable":true,"href":"https:\/\/sp2aug.pl\/index.php\/wp-json\/wp\/v2\/categories?post=11142"},{"taxonomy":"post_tag","embeddable":true,"href":"https:\/\/sp2aug.pl\/index.php\/wp-json\/wp\/v2\/tags?post=11142"}],"curies":[{"name":"wp","href":"https:\/\/api.w.org\/{rel}","templated":true}]}}