{"id":11029,"date":"2022-03-15T19:53:22","date_gmt":"2022-03-15T18:53:22","guid":{"rendered":"http:\/\/sp2aug.pl\/?p=11029"},"modified":"2022-03-15T19:55:16","modified_gmt":"2022-03-15T18:55:16","slug":"21-marca-swiatowy-dzien-zespolu-downa","status":"publish","type":"post","link":"https:\/\/sp2aug.pl\/index.php\/2022\/03\/15\/21-marca-swiatowy-dzien-zespolu-downa\/","title":{"rendered":"21 marca \u2013 \u015awiatowy Dzie\u0144 Zespo\u0142u Downa"},"content":{"rendered":"\t\t<div data-elementor-type=\"wp-post\" data-elementor-id=\"11029\" class=\"elementor elementor-11029\">\n\t\t\t\t\t\t<section class=\"elementor-section elementor-top-section elementor-element elementor-element-e410c13 elementor-section-boxed elementor-section-height-default elementor-section-height-default\" data-id=\"e410c13\" data-element_type=\"section\">\n\t\t\t\t\t\t<div class=\"elementor-container elementor-column-gap-default\">\n\t\t\t\t\t<div class=\"elementor-column elementor-col-50 elementor-top-column elementor-element elementor-element-4b6d687\" data-id=\"4b6d687\" data-element_type=\"column\">\n\t\t\t<div class=\"elementor-widget-wrap elementor-element-populated\">\n\t\t\t\t\t\t<div class=\"elementor-element elementor-element-498ea49 elementor-widget elementor-widget-spacer\" data-id=\"498ea49\" data-element_type=\"widget\" data-widget_type=\"spacer.default\">\n\t\t\t\t<div class=\"elementor-widget-container\">\n\t\t\t\t\t\t\t<div class=\"elementor-spacer\">\n\t\t\t<div class=\"elementor-spacer-inner\"><\/div>\n\t\t<\/div>\n\t\t\t\t\t\t<\/div>\n\t\t\t\t<\/div>\n\t\t\t\t<div class=\"elementor-element elementor-element-d90ce12 elementor-widget elementor-widget-video\" data-id=\"d90ce12\" data-element_type=\"widget\" data-settings=\"{&quot;youtube_url&quot;:&quot;https:\\\/\\\/www.youtube.com\\\/watch?v=fw1rWTfCxIg&quot;,&quot;video_type&quot;:&quot;youtube&quot;,&quot;controls&quot;:&quot;yes&quot;}\" data-widget_type=\"video.default\">\n\t\t\t\t<div class=\"elementor-widget-container\">\n\t\t\t\t\t\t\t<div class=\"elementor-wrapper elementor-open-inline\">\n\t\t\t<div class=\"elementor-video\"><\/div>\t\t<\/div>\n\t\t\t\t\t\t<\/div>\n\t\t\t\t<\/div>\n\t\t\t\t\t<\/div>\n\t\t<\/div>\n\t\t\t\t<div class=\"elementor-column elementor-col-50 elementor-top-column elementor-element elementor-element-136df1c\" data-id=\"136df1c\" data-element_type=\"column\">\n\t\t\t<div class=\"elementor-widget-wrap elementor-element-populated\">\n\t\t\t\t\t\t<div class=\"elementor-element elementor-element-42d9fd5 elementor-widget elementor-widget-text-editor\" data-id=\"42d9fd5\" data-element_type=\"widget\" data-widget_type=\"text-editor.default\">\n\t\t\t\t<div class=\"elementor-widget-container\">\n\t\t\t\t\t\t\t\t\t<p>Kochani!<\/p><p>Ju\u017c nied\u0142ugo, bo 21 marca b\u0119dziemy \u015bwi\u0119towa\u0107 nadej\u015bcie wiosny tak bardzo przez wszystkich wyt\u0119sknionej.\u00a0 Jednak ten dzie\u0144 jest r\u00f3wnie\u017c dniem solidarno\u015bci z osobami dotkni\u0119tymi Zespo\u0142em Downa. Zach\u0119camy Was serdecznie \u00a0do udzia\u0142u w \u201eskarpetkowym wyzwaniu\u201d. W najbli\u017cszy poniedzia\u0142ek zak\u0142adamy \u00a0skarpetki \u201enie do pary\u201d. Wszystkie wzory i kolory dozwolone. Dlaczego skarpetki? Dlaczego 21 marca?\u00a0 <em>(Ta data nie jest przypadkowa.) <\/em>Odpowied\u017a na te pytania znajdziecie w za\u0142\u0105czonym filmiku. Pami\u0119tajcie, drobne gesty maj\u0105 wielkie znaczenie, mog\u0105 pom\u00f3c prze\u0142amywa\u0107\u00a0 bariery i przezwyci\u0119\u017ca\u0107 krzywdz\u0105ce stereotypy.<\/p><p>Wi\u0119c\u2026<\/p><p>Ch\u0142opcy, Dziewczyny, Panowie, Panie<\/p><p>zacznijcie powoli skarpetek dzierganie.<\/p><p>Kto nie wydzierga, temu poka\u017c\u0119,<\/p><p>gdzie kupi modne \u00a0na miejskim bazarze.<\/p><p>\u00a0\u00a0\u00a0\u00a0\u00a0\u00a0\u00a0\u00a0\u00a0\u00a0\u00a0\u00a0\u00a0\u00a0\u00a0\u00a0\u00a0\u00a0\u00a0\u00a0\u00a0\u00a0\u00a0\u00a0\u00a0\u00a0\u00a0\u00a0\u00a0\u00a0\u00a0\u00a0\u00a0\u00a0\u00a0\u00a0\u00a0\u00a0\u00a0\u00a0\u00a0\u00a0\u00a0\u00a0\u00a0\u00a0\u00a0\u00a0\u00a0\u00a0\u00a0\u00a0\u00a0\u00a0\u00a0\u00a0\u00a0\u00a0\u00a0\u00a0\u00a0\u00a0\u00a0\u00a0\u00a0\u00a0\u00a0\u00a0\u00a0\u00a0\u00a0\u00a0\u00a0\u00a0\u00a0\u00a0\u00a0\u00a0\u00a0\u00a0\u00a0\u00a0\u00a0\u00a0\u00a0\u00a0\u00a0\u00a0\u00a0\u00a0\u00a0\u00a0\u00a0\u00a0\u00a0\u00a0\u00a0\u00a0\u00a0\u00a0\u00a0\u00a0\u00a0\u00a0\u00a0\u00a0\u00a0\u00a0\u00a0<\/p>\t\t\t\t\t\t\t\t<\/div>\n\t\t\t\t<\/div>\n\t\t\t\t\t<\/div>\n\t\t<\/div>\n\t\t\t\t\t<\/div>\n\t\t<\/section>\n\t\t\t\t<\/div>\n\t\t","protected":false},"excerpt":{"rendered":"<p>https:\/\/www.youtube.com\/watch?v=fw1rWTfCxIg Kochani! Ju\u017c nied\u0142ugo, bo 21 marca b\u0119dziemy \u015bwi\u0119towa\u0107 nadej\u015bcie wiosny tak bardzo przez wszystkich wyt\u0119sknionej.\u00a0 Jednak ten dzie\u0144 jest r\u00f3wnie\u017c dniem solidarno\u015bci z osobami dotkni\u0119tymi Zespo\u0142em Downa. Zach\u0119camy Was serdecznie \u00a0do udzia\u0142u w \u201eskarpetkowym wyzwaniu\u201d. W najbli\u017cszy poniedzia\u0142ek zak\u0142adamy \u00a0skarpetki \u201enie do pary\u201d. Wszystkie wzory i kolory dozwolone. Dlaczego skarpetki? Dlaczego 21 marca?\u00a0 (Ta&hellip;<\/p>\n","protected":false},"author":1,"featured_media":0,"comment_status":"closed","ping_status":"closed","sticky":false,"template":"","format":"standard","meta":{"footnotes":""},"categories":[4],"tags":[],"class_list":["post-11029","post","type-post","status-publish","format-standard","hentry","category-archiwalne"],"_links":{"self":[{"href":"https:\/\/sp2aug.pl\/index.php\/wp-json\/wp\/v2\/posts\/11029","targetHints":{"allow":["GET"]}}],"collection":[{"href":"https:\/\/sp2aug.pl\/index.php\/wp-json\/wp\/v2\/posts"}],"about":[{"href":"https:\/\/sp2aug.pl\/index.php\/wp-json\/wp\/v2\/types\/post"}],"author":[{"embeddable":true,"href":"https:\/\/sp2aug.pl\/index.php\/wp-json\/wp\/v2\/users\/1"}],"replies":[{"embeddable":true,"href":"https:\/\/sp2aug.pl\/index.php\/wp-json\/wp\/v2\/comments?post=11029"}],"version-history":[{"count":2,"href":"https:\/\/sp2aug.pl\/index.php\/wp-json\/wp\/v2\/posts\/11029\/revisions"}],"predecessor-version":[{"id":11031,"href":"https:\/\/sp2aug.pl\/index.php\/wp-json\/wp\/v2\/posts\/11029\/revisions\/11031"}],"wp:attachment":[{"href":"https:\/\/sp2aug.pl\/index.php\/wp-json\/wp\/v2\/media?parent=11029"}],"wp:term":[{"taxonomy":"category","embeddable":true,"href":"https:\/\/sp2aug.pl\/index.php\/wp-json\/wp\/v2\/categories?post=11029"},{"taxonomy":"post_tag","embeddable":true,"href":"https:\/\/sp2aug.pl\/index.php\/wp-json\/wp\/v2\/tags?post=11029"}],"curies":[{"name":"wp","href":"https:\/\/api.w.org\/{rel}","templated":true}]}}